{"id":16356,"date":"2023-10-22T17:18:17","date_gmt":"2023-10-22T15:18:17","guid":{"rendered":"https:\/\/www.svzweckel.de\/?p=16356"},"modified":"2023-10-24T20:22:17","modified_gmt":"2023-10-24T18:22:17","slug":"zweiter-sieg-in-serie","status":"publish","type":"post","link":"https:\/\/www.svzweckel.de\/?p=16356","title":{"rendered":"Zweiter Sieg in Serie"},"content":{"rendered":"\n<p>Firtinaspor Herne &#8211; SV Zweckel 1:2 (0:1)<\/p>\n\n\n\n<p>Die 1. Mannschaft konnte vergangenen Sonntag in Herne bei Firtinaspor mit 1:2 gewinnen und hat somit den zweiten Sieg in Folge eingefahren.<\/p>\n\n\n\n<p>Den Wille und den Einsatz, welche f\u00fcr das Trainerteam um Marc Bahl und Timon Reschke die gesamte letzte Trainingswoche zu sehen war, legte die Mannschaft auch am Sonntag an den Tag.<\/p>\n\n\n\n<p>\u201eDas war ein Arbeitssieg, aber ein verdienter !\u201c lie\u00df sich Marc Bahl nach dem Ausw\u00e4rtsspiel zitieren.<\/p>\n\n\n\n<p>Die 0:1 Pausenf\u00fchrung f\u00fcr den SV Zweckel besorgte Jan Schwers in der 36. Minute nach einem eigenen Eckball.<\/p>\n\n\n\n<p>Kurz nach dem Seitenwechsel konnten die Gastgeber ausgleichen. Bei dem Gegentreffer sah der sonst sehr souver\u00e4ne Keeper Dario Schierenberg nicht wirklich gut aus. Doch dass sie Mannschaft mittlerweile in der Lage ist, auch nach R\u00fcckschl\u00e4gen einen k\u00fchlen Kopf zu bewahren, zeigte sich in der 52. Minute. Eine sch\u00f6ne Kombination, eingeleitet durch den Zweckeler Regisseur Serkan K\u00f6se, wurde von Talah Uzan zur erneuten F\u00fchrung veredelt.<\/p>\n\n\n\n<p>In der Folge schmissen die Gastgeber alles nach vorne und erspielten sich so noch gute M\u00f6glichkeiten. Die Gr\u00fcnhemden lauerten auch auf einige Kontersituationen, die sie auch bekamen. Es ergaben sich einige M\u00f6glichkeiten das Ergebnis in die H\u00f6he zu schrauben.<\/p>\n\n\n\n<p>Alles in allem steht am Ende ein verdienter Ausw\u00e4rtssieg f\u00fcr die Zweckeler zu Buche.<\/p>\n\n\n\n<p>Die Aufgaben in den n\u00e4chsten Wochen werden nicht einfacher. Durch zuletzt zwei Siege konnten die Schwarz-Gr\u00fcnen ein wenig Luft im Abstiegskampf erspielen.<\/p>\n\n\n\n<p>Am kommenden Sonntag, dem 29.10.2023, um 15 Uhr, ist der Tabellendritte Erle 08 zu Gast in Zweckel.<\/p>\n","protected":false},"excerpt":{"rendered":"<p>Firtinaspor Herne &#8211; SV Zweckel 1:2 (0:1) Die 1. Mannschaft konnte vergangenen Sonntag in Herne bei Firtinaspor mit 1:2 gewinnen und hat somit den zweiten Sieg in Folge eingefahren. Den Wille und den Einsatz, welche f\u00fcr das Trainerteam um Marc Bahl und Timon Reschke die gesamte letzte Trainingswoche zu sehen war, legte die Mannschaft auch [&hellip;]<\/p>\n","protected":false},"author":3,"featured_media":16355,"comment_status":"open","ping_status":"closed","sticky":false,"template":"","format":"standard","meta":{"_jetpack_memberships_contains_paid_content":false,"footnotes":"","jetpack_publicize_message":"","jetpack_publicize_feature_enabled":true,"jetpack_social_post_already_shared":false,"jetpack_social_options":{"image_generator_settings":{"template":"highway","default_image_id":0,"font":"","enabled":false},"version":2}},"categories":[2],"tags":[],"class_list":["post-16356","post","type-post","status-publish","format-standard","has-post-thumbnail","hentry","category-1-mannschaft"],"jetpack_publicize_connections":[],"jetpack_featured_media_url":"https:\/\/i0.wp.com\/www.svzweckel.de\/wp-content\/uploads\/SVZ.jpg?fit=1600%2C1200&ssl=1","jetpack_sharing_enabled":true,"_links":{"self":[{"href":"https:\/\/www.svzweckel.de\/index.php?rest_route=\/wp\/v2\/posts\/16356","targetHints":{"allow":["GET"]}}],"collection":[{"href":"https:\/\/www.svzweckel.de\/index.php?rest_route=\/wp\/v2\/posts"}],"about":[{"href":"https:\/\/www.svzweckel.de\/index.php?rest_route=\/wp\/v2\/types\/post"}],"author":[{"embeddable":true,"href":"https:\/\/www.svzweckel.de\/index.php?rest_route=\/wp\/v2\/users\/3"}],"replies":[{"embeddable":true,"href":"https:\/\/www.svzweckel.de\/index.php?rest_route=%2Fwp%2Fv2%2Fcomments&post=16356"}],"version-history":[{"count":0,"href":"https:\/\/www.svzweckel.de\/index.php?rest_route=\/wp\/v2\/posts\/16356\/revisions"}],"wp:featuredmedia":[{"embeddable":true,"href":"https:\/\/www.svzweckel.de\/index.php?rest_route=\/wp\/v2\/media\/16355"}],"wp:attachment":[{"href":"https:\/\/www.svzweckel.de\/index.php?rest_route=%2Fwp%2Fv2%2Fmedia&parent=16356"}],"wp:term":[{"taxonomy":"category","embeddable":true,"href":"https:\/\/www.svzweckel.de\/index.php?rest_route=%2Fwp%2Fv2%2Fcategories&post=16356"},{"taxonomy":"post_tag","embeddable":true,"href":"https:\/\/www.svzweckel.de\/index.php?rest_route=%2Fwp%2Fv2%2Ftags&post=16356"}],"curies":[{"name":"wp","href":"https:\/\/api.w.org\/{rel}","templated":true}]}}