{"id":16362,"date":"2023-10-25T18:26:37","date_gmt":"2023-10-25T16:26:37","guid":{"rendered":"https:\/\/www.svzweckel.de\/?p=16362"},"modified":"2023-10-25T18:26:45","modified_gmt":"2023-10-25T16:26:45","slug":"der-kreis-12-gelsenkirchen-startet-einen-neuen-schiedsrichteranwaerterkurs","status":"publish","type":"post","link":"https:\/\/www.svzweckel.de\/?p=16362","title":{"rendered":"Der Kreis 12 Gelsenkirchen startet einen neuen Schiedsrichteranw\u00e4rterkurs."},"content":{"rendered":"\n<p>Zu einem guten Spiel, egal in welcher Liga, geh\u00f6ren auch gut ausgebildete Schiedsrichter. Daran arbeitet der Kreis Gelsenkirchen. Unser Bestreben ist, dass bei allen Spielen ab der D-Jugend ein ausgebildeter Referee das Spiel leitet.<\/p>\n\n\n\n<p>Das ist nicht in allen Kreisen von Westfalen der Fall. Leider m\u00fcssen dann dort Betreuer oder Zuschauer die Jugendspiele oder auch Spiele der Kreisliga C leiten. Regelverst\u00f6\u00dfe und Spielabbr\u00fcche kommen dann vermehrt vor. <\/p>\n\n\n\n<p>Der Kreis startet einen neuen Schiedsrichter-Anw\u00e4rterkurs ab dem 09.11.2023. <\/p>\n\n\n\n<p>Die Vorteile f\u00fcr alle Schiedsrichter sind u. a. freier Eintritt bei allen Fu\u00dfballspielen, die Ausr\u00fcstung wird gestellt, Spesen und Fahrkosten zu den Spielen werden erstattet, es gibt eine tolle Kameradschaft in der Vereinigung und junge Schiedsrichter werden durch erfahrene Referees begleitet.<\/p>\n\n\n\n<p>Der neue Anw\u00e4rterkurs startet in den Stauderstuben im Sportzentrum Sch\u00fcrenkamp, Grenzstr. 1 in Gelsenkirchen-Schalke. (Sportanlage von BW Gelsenkirchen). Der Zugang erfolgt \u00fcber den Parkplatz.<\/p>\n\n\n\n<p>Hier die Termine :<\/p>\n\n\n\n<p>Donnerstag, 09. November, 18:00-21:30 Uhr<br>Samstag, 11. November, 10:00 Uhr Laufpr\u00fcfung<br>Dienstag, 14. November, 18:00-21:30 Uhr<br>Donnerstag, 16. November, 18:00-21:00 Uhr<br>Freitag, 17. November, 18:00-21:30 Uhr<br>Dienstag, 21. November, 18:00-21:30 Uhr<br>Donnerstag, 23. November, 18:00-21:30 Uhr<br>Samstag, 25. November, 10:00 Uhr Theoriepr\u00fcfung<\/p>\n\n\n\n<p>Der SV Zweckel bittet alle Interessenten ab 12 Jahre, die als Schiedsrichter ausgebildet werden m\u00f6chten,  sich im Jugendb\u00fcro oder direkt bei Lars Sielemann unter <a href=\"mailto:Lars.Sielemann@flvw.de\">Lars.Sielemann@flvw.de<\/a> oder \u00fcber die <a href=\"https:\/\/flvw-gelsenkirchen.de\/de\/anwaerterlehrgang-fuer-schiedsrichter.htm\">Kreishomepage <\/a>zu melden.<\/p>\n","protected":false},"excerpt":{"rendered":"<p>Zu einem guten Spiel, egal in welcher Liga, geh\u00f6ren auch gut ausgebildete Schiedsrichter. Daran arbeitet der Kreis Gelsenkirchen. Unser Bestreben ist, dass bei allen Spielen ab der D-Jugend ein ausgebildeter Referee das Spiel leitet. Das ist nicht in allen Kreisen von Westfalen der Fall. Leider m\u00fcssen dann dort Betreuer oder Zuschauer die Jugendspiele oder auch [&hellip;]<\/p>\n","protected":false},"author":3,"featured_media":16363,"comment_status":"open","ping_status":"closed","sticky":false,"template":"","format":"standard","meta":{"_jetpack_memberships_contains_paid_content":false,"footnotes":"","jetpack_publicize_message":"","jetpack_publicize_feature_enabled":true,"jetpack_social_post_already_shared":false,"jetpack_social_options":{"image_generator_settings":{"template":"highway","default_image_id":0,"font":"","enabled":false},"version":2}},"categories":[3],"tags":[],"class_list":["post-16362","post","type-post","status-publish","format-standard","has-post-thumbnail","hentry","category-allgemein"],"jetpack_publicize_connections":[],"jetpack_featured_media_url":"https:\/\/i0.wp.com\/www.svzweckel.de\/wp-content\/uploads\/SR-Lehrgang.jpg?fit=800%2C450&ssl=1","jetpack_sharing_enabled":true,"_links":{"self":[{"href":"https:\/\/www.svzweckel.de\/index.php?rest_route=\/wp\/v2\/posts\/16362","targetHints":{"allow":["GET"]}}],"collection":[{"href":"https:\/\/www.svzweckel.de\/index.php?rest_route=\/wp\/v2\/posts"}],"about":[{"href":"https:\/\/www.svzweckel.de\/index.php?rest_route=\/wp\/v2\/types\/post"}],"author":[{"embeddable":true,"href":"https:\/\/www.svzweckel.de\/index.php?rest_route=\/wp\/v2\/users\/3"}],"replies":[{"embeddable":true,"href":"https:\/\/www.svzweckel.de\/index.php?rest_route=%2Fwp%2Fv2%2Fcomments&post=16362"}],"version-history":[{"count":0,"href":"https:\/\/www.svzweckel.de\/index.php?rest_route=\/wp\/v2\/posts\/16362\/revisions"}],"wp:featuredmedia":[{"embeddable":true,"href":"https:\/\/www.svzweckel.de\/index.php?rest_route=\/wp\/v2\/media\/16363"}],"wp:attachment":[{"href":"https:\/\/www.svzweckel.de\/index.php?rest_route=%2Fwp%2Fv2%2Fmedia&parent=16362"}],"wp:term":[{"taxonomy":"category","embeddable":true,"href":"https:\/\/www.svzweckel.de\/index.php?rest_route=%2Fwp%2Fv2%2Fcategories&post=16362"},{"taxonomy":"post_tag","embeddable":true,"href":"https:\/\/www.svzweckel.de\/index.php?rest_route=%2Fwp%2Fv2%2Ftags&post=16362"}],"curies":[{"name":"wp","href":"https:\/\/api.w.org\/{rel}","templated":true}]}}