{"id":16367,"date":"2023-10-29T18:32:22","date_gmt":"2023-10-29T17:32:22","guid":{"rendered":"https:\/\/www.svzweckel.de\/?p=16367"},"modified":"2023-10-29T18:50:24","modified_gmt":"2023-10-29T17:50:24","slug":"dritter-sieg-in-folge","status":"publish","type":"post","link":"https:\/\/www.svzweckel.de\/?p=16367","title":{"rendered":"Dritter Sieg in Folge und Comeback des Jahres"},"content":{"rendered":"\n<p>SV Zweckel &#8211; Erler Spielverein 3:1 (1:0)<\/p>\n\n\n\n<p>Damit hatte wohl keiner gerechnet: Der SV Zweckel gewann gegen den Tabellendritten aus Erle v\u00f6llig verdient mit 3:1. Mit diesem Sieg halten die Zweckeler Anschluss an das Mittelfeld und verbesserten sich auf den 11. Tabellenplatz.<\/p>\n\n\n\n<p>In den ersten 10 Minuten der Partie waren die G\u00e4ste spielbestimmender, ohne torgef\u00e4hrlich zu sein. Danach \u00fcbernahmen die Hausherren das Kommando und kombinierten sich aus der Abwehr sehr gut nach vorne. In der 15. Minute spielten sich die agilen Zweckeler Angreifer temporeich nach vorne und nach Vorarbeit von Talha Uzan stand Jan Schwers frei vor dem Erler Tor. Er schloss etwas zu fr\u00fch ab, so dass der gute Erler Keeper den Schuss noch parieren konnte. In der 25. Minute versenkte der starke Tahlha Uzan nach einem Doppelpass mit einem Linksschuss in die linke untere Ecke des Erler Tores und brachte seine Farben verdient in F\u00fchrung. Nur wenige Minuten sp\u00e4ter verhinderte der Erler Torsteher das zweite Zweckeler Tor, als er einen Kopfball von Enes Aldirmaz aus dem Winkel fischte.<\/p>\n\n\n\n<p>Mit dieser knappen F\u00fchrung ging es in die Pause. Nach dem Wechsel brachte Marc Bahl mit Milad Sahebzada f\u00fcr Marcel Heidenreich und in der 60. Minute Jonas Gerfen f\u00fcr Yasin Karaca. Kurze Zeit sp\u00e4ter erh\u00f6hte Talha Uzan auf 2:0 und kr\u00f6nte damit seine sehr gute Leistung. <\/p>\n\n\n\n<p>In der Folge lie\u00dfen sich die Gastgeber etwas in die eigene H\u00e4lfte fallen und Erle kam st\u00e4rker auf. Die G\u00e4ste verzeichneten auf einmal mehr Ballbesitz und gewann auch die Zweik\u00e4mpfe. <\/p>\n\n\n\n<p>Nach einer Ecke bekamen die G\u00e4ste den zweiten Ball und schlossen mit einem satten Schuss zum 2:1 in der 69. Minute ab. Erle versuchte nun alles, allerdings stand die Zweckeler Hintermannschaft gut und konnte auch den einen oder anderen Konter setzen. <\/p>\n\n\n\n<p>Es sollte jedoch bis zur 88. Minute dauern, bis die Zweckeler den Deckel drauf machten. Marlon Boris konnte in der 80. Minute nach einer langen einj\u00e4hrigen Verletzungsleidenszeit ein Comeback feiern. Und das sind die Geschichten, die nur der Fu\u00dfball schreibt: Marlon Boris setzte sich auf der rechten Seite mit Nachdruck durch, zog nach innen und schloss mit dem linken Fu\u00df ab. Der Ball wurde durch einen Erler Abwehrspieler unhaltbar zum 3:1 ins Tor abgef\u00e4lscht. Damit war das Spiel endg\u00fcltig entschieden.<\/p>\n\n\n\n<p><img data-recalc-dims=\"1\" loading=\"lazy\" decoding=\"async\" width=\"640\" height=\"480\" class=\"wp-image-16378\" style=\"width: 640px;\" src=\"https:\/\/i0.wp.com\/www.svzweckel.de\/wp-content\/uploads\/wp-1698601462681695108580114155278.jpg?resize=640%2C480&#038;ssl=1\" alt=\"\" srcset=\"https:\/\/i0.wp.com\/www.svzweckel.de\/wp-content\/uploads\/wp-1698601462681695108580114155278.jpg?w=1600&amp;ssl=1 1600w, https:\/\/i0.wp.com\/www.svzweckel.de\/wp-content\/uploads\/wp-1698601462681695108580114155278.jpg?resize=300%2C225&amp;ssl=1 300w, https:\/\/i0.wp.com\/www.svzweckel.de\/wp-content\/uploads\/wp-1698601462681695108580114155278.jpg?resize=800%2C600&amp;ssl=1 800w, https:\/\/i0.wp.com\/www.svzweckel.de\/wp-content\/uploads\/wp-1698601462681695108580114155278.jpg?resize=150%2C113&amp;ssl=1 150w, https:\/\/i0.wp.com\/www.svzweckel.de\/wp-content\/uploads\/wp-1698601462681695108580114155278.jpg?resize=768%2C576&amp;ssl=1 768w, https:\/\/i0.wp.com\/www.svzweckel.de\/wp-content\/uploads\/wp-1698601462681695108580114155278.jpg?resize=1536%2C1152&amp;ssl=1 1536w, https:\/\/i0.wp.com\/www.svzweckel.de\/wp-content\/uploads\/wp-1698601462681695108580114155278.jpg?resize=100%2C75&amp;ssl=1 100w, https:\/\/i0.wp.com\/www.svzweckel.de\/wp-content\/uploads\/wp-1698601462681695108580114155278.jpg?resize=50%2C38&amp;ssl=1 50w, https:\/\/i0.wp.com\/www.svzweckel.de\/wp-content\/uploads\/wp-1698601462681695108580114155278.jpg?resize=25%2C19&amp;ssl=1 25w, https:\/\/i0.wp.com\/www.svzweckel.de\/wp-content\/uploads\/wp-1698601462681695108580114155278.jpg?resize=427%2C320&amp;ssl=1 427w, https:\/\/i0.wp.com\/www.svzweckel.de\/wp-content\/uploads\/wp-1698601462681695108580114155278.jpg?resize=160%2C120&amp;ssl=1 160w, https:\/\/i0.wp.com\/www.svzweckel.de\/wp-content\/uploads\/wp-1698601462681695108580114155278.jpg?w=1280&amp;ssl=1 1280w\" sizes=\"auto, (max-width: 640px) 100vw, 640px\" \/><\/p>\n\n\n\n<p>Nach einem Top-Spiel der Zweckeler gewannen die Schwarz-Gr\u00fcnen auch in der H\u00f6he verdient gegen den Erler SV. Viele anwesende Zweckeler Zuschauer \u00e4u\u00dferten sowohl w\u00e4hrend als auch nach dem Spiel, dass sie schon lange nicht mehr eine so gute Zweckeler Leistung gesehen h\u00e4tten. <\/p>\n\n\n\n<p>Das machte Lust auf mehr!<\/p>\n","protected":false},"excerpt":{"rendered":"<p>SV Zweckel &#8211; Erler Spielverein 3:1 (1:0) Damit hatte wohl keiner gerechnet: Der SV Zweckel gewann gegen den Tabellendritten aus Erle v\u00f6llig verdient mit 3:1. Mit diesem Sieg halten die Zweckeler Anschluss an das Mittelfeld und verbesserten sich auf den 11. Tabellenplatz. In den ersten 10 Minuten der Partie waren die G\u00e4ste spielbestimmender, ohne torgef\u00e4hrlich [&hellip;]<\/p>\n","protected":false},"author":3,"featured_media":16369,"comment_status":"open","ping_status":"closed","sticky":false,"template":"","format":"standard","meta":{"_jetpack_memberships_contains_paid_content":false,"footnotes":"","jetpack_publicize_message":"","jetpack_publicize_feature_enabled":true,"jetpack_social_post_already_shared":false,"jetpack_social_options":{"image_generator_settings":{"template":"highway","default_image_id":0,"font":"","enabled":false},"version":2}},"categories":[2],"tags":[],"class_list":["post-16367","post","type-post","status-publish","format-standard","has-post-thumbnail","hentry","category-1-mannschaft"],"jetpack_publicize_connections":[],"jetpack_featured_media_url":"https:\/\/i0.wp.com\/www.svzweckel.de\/wp-content\/uploads\/wp-16985974846484602547826462504656-scaled.jpg?fit=2560%2C1440&ssl=1","jetpack_sharing_enabled":true,"_links":{"self":[{"href":"https:\/\/www.svzweckel.de\/index.php?rest_route=\/wp\/v2\/posts\/16367","targetHints":{"allow":["GET"]}}],"collection":[{"href":"https:\/\/www.svzweckel.de\/index.php?rest_route=\/wp\/v2\/posts"}],"about":[{"href":"https:\/\/www.svzweckel.de\/index.php?rest_route=\/wp\/v2\/types\/post"}],"author":[{"embeddable":true,"href":"https:\/\/www.svzweckel.de\/index.php?rest_route=\/wp\/v2\/users\/3"}],"replies":[{"embeddable":true,"href":"https:\/\/www.svzweckel.de\/index.php?rest_route=%2Fwp%2Fv2%2Fcomments&post=16367"}],"version-history":[{"count":0,"href":"https:\/\/www.svzweckel.de\/index.php?rest_route=\/wp\/v2\/posts\/16367\/revisions"}],"wp:featuredmedia":[{"embeddable":true,"href":"https:\/\/www.svzweckel.de\/index.php?rest_route=\/wp\/v2\/media\/16369"}],"wp:attachment":[{"href":"https:\/\/www.svzweckel.de\/index.php?rest_route=%2Fwp%2Fv2%2Fmedia&parent=16367"}],"wp:term":[{"taxonomy":"category","embeddable":true,"href":"https:\/\/www.svzweckel.de\/index.php?rest_route=%2Fwp%2Fv2%2Fcategories&post=16367"},{"taxonomy":"post_tag","embeddable":true,"href":"https:\/\/www.svzweckel.de\/index.php?rest_route=%2Fwp%2Fv2%2Ftags&post=16367"}],"curies":[{"name":"wp","href":"https:\/\/api.w.org\/{rel}","templated":true}]}}