{"id":16383,"date":"2023-10-30T08:32:56","date_gmt":"2023-10-30T07:32:56","guid":{"rendered":"https:\/\/www.svzweckel.de\/?p=16383"},"modified":"2023-10-30T10:12:11","modified_gmt":"2023-10-30T09:12:11","slug":"ein-halbe-stunde-frueher","status":"publish","type":"post","link":"https:\/\/www.svzweckel.de\/?p=16383","title":{"rendered":"Ein halbe Stunde fr\u00fcher"},"content":{"rendered":"\n<p>Sonntag, 05.11.23, 14:30 Uhr: SG Herne 70 &#8211; SV Zweckel<\/p>\n\n\n\n<p>Nach dem unerwarteten aber verdienten Sieg gegen Erle haben die Schwarz-Gr\u00fcnen Anschluss an das untere Mittelfeld der Liga erhalten. Die Pl\u00e4tze 10 und 11 sind jeweils nur einen Punkt von den Zweckelern entfernt und am kommenden Sonntag k\u00f6nnten sie einen direkten Konkurrenten mit einem Sieg \u00fcberholen.<\/p>\n\n\n\n<p>Die SG Herne 70 verlor am vergangenen Sonntag mit 3:2 bei Hessler 06. Der Herner Trainer Christian Drews wird in der WAZ folgenderma\u00dfen zitiert: &#8222;Nicht die bessere Mannschaft hat gewonnen\u201c.<\/p>\n\n\n\n<p>Die Zweckeler m\u00fcssen sich also wieder auf einen harten Kampf auf dem ungewohnten Ascheplatz in Herne einstellen. Au\u00dferdem steht den Gastgebern am Sonntag der Top-Torj\u00e4ger Omar Keito zur Verf\u00fcgung, der in Hessler noch wegen einer gelb-roten Sperre aussetzen musste. Der schnelle St\u00fcrmer traf in der letzten Saison jeweils einmal gegen die Zweckeler.<\/p>\n\n\n\n<p>Drei Siege in Folge d\u00fcrften bei den Schwarz-Gr\u00fcnen jedoch f\u00fcr das n\u00f6tige Selbstbewusstsein gesorgt haben, auch in Herne nicht chancenlos auf Punkte zu sein, zumal die Gastgeber bisher auch keine B\u00e4ume ausgerissen haben. <\/p>\n\n\n\n<p>In den letzten drei Spielen der Hinrunden sollte es das Ziel der Zweckeler sein, noch mindestens vier Punkte zu holen, um etwas beruhigter die R\u00fcckrunde anzugehen und gut in die Winterpause zu kommen. <\/p>\n\n\n\n<p>Leider m\u00fcssen die Zweckeler neben Sebastian Waldner, der vor einigen Wochen einen Anriss des Kreuzbandes erlitten hat, vermutlich auch auf Tristan Oben-Stintenberg verzichten, der sich am letzten Sonntag beim Aufw\u00e4rmen eine Leistenverletzung zugezogen hat. <\/p>\n","protected":false},"excerpt":{"rendered":"<p>Sonntag, 05.11.23, 14:30 Uhr: SG Herne 70 &#8211; SV Zweckel Nach dem unerwarteten aber verdienten Sieg gegen Erle haben die Schwarz-Gr\u00fcnen Anschluss an das untere Mittelfeld der Liga erhalten. Die Pl\u00e4tze 10 und 11 sind jeweils nur einen Punkt von den Zweckelern entfernt und am kommenden Sonntag k\u00f6nnten sie einen direkten Konkurrenten mit einem Sieg [&hellip;]<\/p>\n","protected":false},"author":3,"featured_media":16371,"comment_status":"open","ping_status":"closed","sticky":false,"template":"","format":"standard","meta":{"_jetpack_memberships_contains_paid_content":false,"footnotes":"","jetpack_publicize_message":"","jetpack_publicize_feature_enabled":true,"jetpack_social_post_already_shared":false,"jetpack_social_options":{"image_generator_settings":{"template":"highway","default_image_id":0,"font":"","enabled":false},"version":2}},"categories":[2],"tags":[],"class_list":["post-16383","post","type-post","status-publish","format-standard","has-post-thumbnail","hentry","category-1-mannschaft"],"jetpack_publicize_connections":[],"jetpack_featured_media_url":"https:\/\/i0.wp.com\/www.svzweckel.de\/wp-content\/uploads\/dsc_06825325732939087171688-scaled.jpg?fit=2560%2C1440&ssl=1","jetpack_sharing_enabled":true,"_links":{"self":[{"href":"https:\/\/www.svzweckel.de\/index.php?rest_route=\/wp\/v2\/posts\/16383","targetHints":{"allow":["GET"]}}],"collection":[{"href":"https:\/\/www.svzweckel.de\/index.php?rest_route=\/wp\/v2\/posts"}],"about":[{"href":"https:\/\/www.svzweckel.de\/index.php?rest_route=\/wp\/v2\/types\/post"}],"author":[{"embeddable":true,"href":"https:\/\/www.svzweckel.de\/index.php?rest_route=\/wp\/v2\/users\/3"}],"replies":[{"embeddable":true,"href":"https:\/\/www.svzweckel.de\/index.php?rest_route=%2Fwp%2Fv2%2Fcomments&post=16383"}],"version-history":[{"count":0,"href":"https:\/\/www.svzweckel.de\/index.php?rest_route=\/wp\/v2\/posts\/16383\/revisions"}],"wp:featuredmedia":[{"embeddable":true,"href":"https:\/\/www.svzweckel.de\/index.php?rest_route=\/wp\/v2\/media\/16371"}],"wp:attachment":[{"href":"https:\/\/www.svzweckel.de\/index.php?rest_route=%2Fwp%2Fv2%2Fmedia&parent=16383"}],"wp:term":[{"taxonomy":"category","embeddable":true,"href":"https:\/\/www.svzweckel.de\/index.php?rest_route=%2Fwp%2Fv2%2Fcategories&post=16383"},{"taxonomy":"post_tag","embeddable":true,"href":"https:\/\/www.svzweckel.de\/index.php?rest_route=%2Fwp%2Fv2%2Ftags&post=16383"}],"curies":[{"name":"wp","href":"https:\/\/api.w.org\/{rel}","templated":true}]}}