{"id":16391,"date":"2023-11-07T10:55:33","date_gmt":"2023-11-07T09:55:33","guid":{"rendered":"https:\/\/www.svzweckel.de\/?p=16391"},"modified":"2023-11-07T10:55:35","modified_gmt":"2023-11-07T09:55:35","slug":"videoueberwachung-am-im-vereinsheim","status":"publish","type":"post","link":"https:\/\/www.svzweckel.de\/?p=16391","title":{"rendered":"Video\u00fcberwachung am\/im Vereinsheim"},"content":{"rendered":"\n<p>Liebe Spielerinnen und Spieler,<br>liebe Trainer und Betreuer,<br>liebe Eltern und Mitglieder,<br>liebe G\u00e4ste,<\/p>\n\n\n\n<p>leider wurde in j\u00fcngster Zeit unser Vereinsheim zwei Mal von ungebetenen G\u00e4sten aufgesucht. Neben Darts-Automatenaufbr\u00fcchen und einer Tresorentwendung verursachten die Einbr\u00fcche erheblichen Sachschaden, f\u00fcr den der Verein aufkommen muss.<\/p>\n\n\n\n<p>Um zuk\u00fcnftigen Einbruchsversuchen pr\u00e4ventiv entgegenzuwirken, hat sich der Vorstand dazu entschlossen, das Vereinsgel\u00e4nde mit Videokameras zu \u00fcberwachen. Diese Ma\u00dfnahme beinhaltet sicher auch in einem gewissen Ma\u00dfe einen Eingriff in die Privatsph\u00e4re der Menschen auf dem Vereinsgel\u00e4nde, welcher jedoch so gering wie m\u00f6glich gehalten werden soll.<\/p>\n\n\n\n<p>Die Video\u00fcberwachung soll ausschlie\u00dflich zur Wahrnehmung des Hausrechts und zur Vermeidung sowie der Beweissicherung bei Straftaten dienen.<br>Die Entscheidung, das Vorfeld des Vereinsheims und das Vereinsheim selbst mit Videokameras zu \u00fcberwachen, fiel dem Vorstand nicht leicht und wurde einstimmig getroffen.<\/p>\n\n\n\n<p>In den vergangenen 100 Jahren der Vereinsgeschichte ist wohl noch nie so eine weitreichende Entscheidung getroffen worden, deren Thematik mit einem derartigen Eingriff in die Privatsph\u00e4re verbunden ist.<br>Die Kameras \u00fcberwachen das Vorfeld und die Innenr\u00e4ume des Vereinsheims und verf\u00fcgen \u00fcber eine Alarmfunktion, welche an bestimmte Smartphones von Vorstandsmitgliedern verschickt wird.<\/p>\n\n\n\n<p>Ist die Kamera scharfgestellt und wird Alarm ausgel\u00f6st, so macht die Kamera<br>mindestens ein Foto von einem ungebetenen Gast. Au\u00dferdem werden die nachfolgenden Minuten auf Kameras aufgezeichnet und in einer Cloud f\u00fcr einige Tage abgespeichert.<\/p>\n\n\n\n<p>Die Videokameras verf\u00fcgen dar\u00fcber hinaus \u00fcber eine Sprechfunktion, mit der es theoretisch m\u00f6glich ist, den Eindringling anzusprechen.<br>Grunds\u00e4tzlich muss aber zwischen zwei Dingen unterschieden werden: dem Zugriff auf die Kamera und dem Aufzeichnen von Foto- und Videoaufnahmen. Letzteres geschieht nur, wenn der Alarm aktiviert ist. Der Zugriff in Echtzeit auf die Kameras ist dagegen durch bestimmte Vorstandsmitglieder immer m\u00f6glich.<br>Dem Vorstand ist es wichtig zu betonen, dass ausschlie\u00dflich der Au\u00dfen- und Innenbereich des Vereinsheims video\u00fcberwacht wird. Es werden selbstverst\u00e4ndlich weder Umkleidekabinen, Toilettenr\u00e4ume noch Duschen der Vereinsanlage video\u00fcberwacht.<\/p>\n\n\n\n<p><strong>Die Kameras werden ausschlie\u00dflich au\u00dferhalb der \u00d6ffnungszeiten des Vereinsheims aktiviert.<\/strong><\/p>\n\n\n\n<p>Solltet Ihr\/sollten Sie noch Fragen zu der Video\u00fcberwachung haben, scheut Euch\/scheuen Sie sich nicht und kontaktieren den Vorstand unter <a href=\"mailto:info@svzweckel.de\">info@svzweckel.de<\/a> oder durch eine pers\u00f6nliche Ansprache. F\u00fcr Euer\/Ihr Verst\u00e4ndnis und Euer\/Ihr uns entgegengebrachtes Vertrauen bedankt sich der Vorstand ganz herzlich!<\/p>\n","protected":false},"excerpt":{"rendered":"<p>Liebe Spielerinnen und Spieler,liebe Trainer und Betreuer,liebe Eltern und Mitglieder,liebe G\u00e4ste, leider wurde in j\u00fcngster Zeit unser Vereinsheim zwei Mal von ungebetenen G\u00e4sten aufgesucht. Neben Darts-Automatenaufbr\u00fcchen und einer Tresorentwendung verursachten die Einbr\u00fcche erheblichen Sachschaden, f\u00fcr den der Verein aufkommen muss. Um zuk\u00fcnftigen Einbruchsversuchen pr\u00e4ventiv entgegenzuwirken, hat sich der Vorstand dazu entschlossen, das Vereinsgel\u00e4nde mit Videokameras [&hellip;]<\/p>\n","protected":false},"author":3,"featured_media":16395,"comment_status":"open","ping_status":"closed","sticky":false,"template":"","format":"standard","meta":{"_jetpack_memberships_contains_paid_content":false,"footnotes":"","jetpack_publicize_message":"","jetpack_publicize_feature_enabled":true,"jetpack_social_post_already_shared":false,"jetpack_social_options":{"image_generator_settings":{"template":"highway","default_image_id":0,"font":"","enabled":false},"version":2}},"categories":[3],"tags":[],"class_list":["post-16391","post","type-post","status-publish","format-standard","has-post-thumbnail","hentry","category-allgemein"],"jetpack_publicize_connections":[],"jetpack_featured_media_url":"https:\/\/i0.wp.com\/www.svzweckel.de\/wp-content\/uploads\/aluverbund-schild-video-berwachung.webp?fit=1200%2C1200&ssl=1","jetpack_sharing_enabled":true,"_links":{"self":[{"href":"https:\/\/www.svzweckel.de\/index.php?rest_route=\/wp\/v2\/posts\/16391","targetHints":{"allow":["GET"]}}],"collection":[{"href":"https:\/\/www.svzweckel.de\/index.php?rest_route=\/wp\/v2\/posts"}],"about":[{"href":"https:\/\/www.svzweckel.de\/index.php?rest_route=\/wp\/v2\/types\/post"}],"author":[{"embeddable":true,"href":"https:\/\/www.svzweckel.de\/index.php?rest_route=\/wp\/v2\/users\/3"}],"replies":[{"embeddable":true,"href":"https:\/\/www.svzweckel.de\/index.php?rest_route=%2Fwp%2Fv2%2Fcomments&post=16391"}],"version-history":[{"count":0,"href":"https:\/\/www.svzweckel.de\/index.php?rest_route=\/wp\/v2\/posts\/16391\/revisions"}],"wp:featuredmedia":[{"embeddable":true,"href":"https:\/\/www.svzweckel.de\/index.php?rest_route=\/wp\/v2\/media\/16395"}],"wp:attachment":[{"href":"https:\/\/www.svzweckel.de\/index.php?rest_route=%2Fwp%2Fv2%2Fmedia&parent=16391"}],"wp:term":[{"taxonomy":"category","embeddable":true,"href":"https:\/\/www.svzweckel.de\/index.php?rest_route=%2Fwp%2Fv2%2Fcategories&post=16391"},{"taxonomy":"post_tag","embeddable":true,"href":"https:\/\/www.svzweckel.de\/index.php?rest_route=%2Fwp%2Fv2%2Ftags&post=16391"}],"curies":[{"name":"wp","href":"https:\/\/api.w.org\/{rel}","templated":true}]}}