{"id":16411,"date":"2023-11-13T12:08:38","date_gmt":"2023-11-13T11:08:38","guid":{"rendered":"https:\/\/www.svzweckel.de\/?p=16411"},"modified":"2023-11-13T12:08:39","modified_gmt":"2023-11-13T11:08:39","slug":"wie-geht-es-mit-der-platzanlage-weiter","status":"publish","type":"post","link":"https:\/\/www.svzweckel.de\/?p=16411","title":{"rendered":"Wie geht es mit der Platzanlage weiter?"},"content":{"rendered":"\n<p>Am vergangenen Sonntag hatten sich auch einige &#8222;\u00e4ltere&#8220; Zweckeler Vereinsmitglieder und Fans auf der Platzanlage beim Spiel der Ersten gegen Viktoria Resse eingefunden, um noch einmal ein Spiel auf dem 52 Jahre alten Rasenplatz zu erleben und m\u00f6glicherweise in Erinnerungen zu schwelgen.<\/p>\n\n\n\n<p>Nach Planungen der Stadt Gladbeck soll der Rasenplatz bekanntlicherweise im n\u00e4chsten Jahr in einen Kunstrasenplatz umgewandelt werden. Avisiert war ein Baubeginn Anfang n\u00e4chsten Jahres, der jedoch vermutlich noch einmal genauer verifiziert werden muss. <\/p>\n\n\n\n<p>Vertreter des SV Zweckel sind in der n\u00e4chsten Woche in das Rathaus geladen, um die Planungen bez\u00fcglich des Umbaus in Erfahrung zu bringen. <\/p>\n\n\n\n<p>\u00dcber das Ergebnis wird der Verein seine Mitglieder und Fans nat\u00fcrlich informieren. Bis dahin hoffen alle Verantwortlichen, dass der Umbau tats\u00e4chlich schnellstm\u00f6glich durchgef\u00fchrt wird, denn gerade am letzten Sonntag war wieder einmal zu sehen, dass der matschige und seifige Naturrasen gerade noch sol leidlich bespielbar war und in den n\u00e4chsten Wochen sicherlich auch wieder gesperrt worden w\u00e4re. <\/p>\n","protected":false},"excerpt":{"rendered":"<p>Am vergangenen Sonntag hatten sich auch einige &#8222;\u00e4ltere&#8220; Zweckeler Vereinsmitglieder und Fans auf der Platzanlage beim Spiel der Ersten gegen Viktoria Resse eingefunden, um noch einmal ein Spiel auf dem 52 Jahre alten Rasenplatz zu erleben und m\u00f6glicherweise in Erinnerungen zu schwelgen. Nach Planungen der Stadt Gladbeck soll der Rasenplatz bekanntlicherweise im n\u00e4chsten Jahr in [&hellip;]<\/p>\n","protected":false},"author":3,"featured_media":16412,"comment_status":"open","ping_status":"closed","sticky":false,"template":"","format":"standard","meta":{"_jetpack_memberships_contains_paid_content":false,"footnotes":"","jetpack_publicize_message":"","jetpack_publicize_feature_enabled":true,"jetpack_social_post_already_shared":false,"jetpack_social_options":{"image_generator_settings":{"template":"highway","default_image_id":0,"font":"","enabled":false},"version":2}},"categories":[3],"tags":[],"class_list":["post-16411","post","type-post","status-publish","format-standard","has-post-thumbnail","hentry","category-allgemein"],"jetpack_publicize_connections":[],"jetpack_featured_media_url":"https:\/\/i0.wp.com\/www.svzweckel.de\/wp-content\/uploads\/DSC00015.jpg?fit=800%2C533&ssl=1","jetpack_sharing_enabled":true,"_links":{"self":[{"href":"https:\/\/www.svzweckel.de\/index.php?rest_route=\/wp\/v2\/posts\/16411","targetHints":{"allow":["GET"]}}],"collection":[{"href":"https:\/\/www.svzweckel.de\/index.php?rest_route=\/wp\/v2\/posts"}],"about":[{"href":"https:\/\/www.svzweckel.de\/index.php?rest_route=\/wp\/v2\/types\/post"}],"author":[{"embeddable":true,"href":"https:\/\/www.svzweckel.de\/index.php?rest_route=\/wp\/v2\/users\/3"}],"replies":[{"embeddable":true,"href":"https:\/\/www.svzweckel.de\/index.php?rest_route=%2Fwp%2Fv2%2Fcomments&post=16411"}],"version-history":[{"count":0,"href":"https:\/\/www.svzweckel.de\/index.php?rest_route=\/wp\/v2\/posts\/16411\/revisions"}],"wp:featuredmedia":[{"embeddable":true,"href":"https:\/\/www.svzweckel.de\/index.php?rest_route=\/wp\/v2\/media\/16412"}],"wp:attachment":[{"href":"https:\/\/www.svzweckel.de\/index.php?rest_route=%2Fwp%2Fv2%2Fmedia&parent=16411"}],"wp:term":[{"taxonomy":"category","embeddable":true,"href":"https:\/\/www.svzweckel.de\/index.php?rest_route=%2Fwp%2Fv2%2Fcategories&post=16411"},{"taxonomy":"post_tag","embeddable":true,"href":"https:\/\/www.svzweckel.de\/index.php?rest_route=%2Fwp%2Fv2%2Ftags&post=16411"}],"curies":[{"name":"wp","href":"https:\/\/api.w.org\/{rel}","templated":true}]}}