{"id":16451,"date":"2023-12-10T21:16:21","date_gmt":"2023-12-10T20:16:21","guid":{"rendered":"https:\/\/www.svzweckel.de\/?p=16451"},"modified":"2023-12-10T21:16:22","modified_gmt":"2023-12-10T20:16:22","slug":"nichts-zu-holen-in-marl","status":"publish","type":"post","link":"https:\/\/www.svzweckel.de\/?p=16451","title":{"rendered":"Nichts zu holen in Marl"},"content":{"rendered":"\n<p>FC Marl &#8211; SV Zweckel 5:0 (3:0)<\/p>\n\n\n\n<p>Der SV Zweckel hat sich mit einer deutlichen Niederlage in die Winterpause verabschiedet. Beim unangefochtenen Spitzenreiter in Marl waren schon nach f\u00fcnf Minuten die guten Vors\u00e4tze Makulatur, denn nach einem eklatanten Fehlpass in Richtung Torh\u00fcter versenkte der oberligaerfahrene G\u00f6khan Turan den Ball \u00fcber den Zweckeler Keeper sehenswert in den Winkel des Zweckeler Geh\u00e4uses.<\/p>\n\n\n\n<p>Die G\u00e4ste brauchten danach etwas Zeit, um sich von diesem R\u00fcckschlag zu erholen, bekamen allerdings in der 15. Minute den zweiten Gegentreffer, in welcher die Zweckeler Defensive etwas zu weit von den Gegenspielern enternt war. <\/p>\n\n\n\n<p>Der Marler Kapit\u00e4n versenkte in der 24. Minute einen Freisto\u00df aus gut 30 Metern \u00fcber den verdutzten Zweckelere Keeper als Flatterball im Netz. <\/p>\n\n\n\n<p>Mit diesem Ergebnis ging es in die Pause. Nach dem Wechsel sortierten sich die Zweckeler neu und versuchten immer wieder den Anschlusstreffer zu erzielen. Im Laufe der zweiten Halbzeit befanden sich die Schwarz-Gr\u00fcnen etwas mehr auf Augenh\u00f6he mit den Gastgebern, ohne jedoch die notwendige Durchschlagskraft zu entwickeln. <\/p>\n\n\n\n<p>In den letzten Minuten trafen die Marler noch zweimal und gewannenn die Partie damit um ein oder zwei Tore zu hoch gegen eine stark ersatzgeschw\u00e4chte Zweckeler Mannschaft, die dankenswerterweise durch Spieler der zweiten Mannschaft verst\u00e4rkt wurde. Neben dem gesperrten Abwehrchef Enes Aldimaz fehlten krankheitsbedingt Jan Schwers, Tolga Koca, Milad Sahebzadas, Seabastian Waldner, Yasin Karaca, Klemens Roy Gerling und Keeper Dario Schierenberg.<\/p>\n\n\n\n<p>Gegen so einen starken Gegner waren Punkte sicher nicht einkalkuliert, jedoch darf man es auch als unerfahrene junge Mannschaft den Marlern nicht so leicht machen. <\/p>\n\n\n\n<p>Das war die letzte Partie im Jahr 2023. Die Saison wird planm\u00e4\u00dfig am 18.02.24 mit einem Heimspiel des SV Zweckel gegen Hessler 06 fortgesetzt.<\/p>\n","protected":false},"excerpt":{"rendered":"<p>FC Marl &#8211; SV Zweckel 5:0 (3:0) Der SV Zweckel hat sich mit einer deutlichen Niederlage in die Winterpause verabschiedet. Beim unangefochtenen Spitzenreiter in Marl waren schon nach f\u00fcnf Minuten die guten Vors\u00e4tze Makulatur, denn nach einem eklatanten Fehlpass in Richtung Torh\u00fcter versenkte der oberligaerfahrene G\u00f6khan Turan den Ball \u00fcber den Zweckeler Keeper sehenswert in [&hellip;]<\/p>\n","protected":false},"author":3,"featured_media":16449,"comment_status":"open","ping_status":"closed","sticky":false,"template":"","format":"standard","meta":{"_jetpack_memberships_contains_paid_content":false,"footnotes":"","jetpack_publicize_message":"","jetpack_publicize_feature_enabled":true,"jetpack_social_post_already_shared":false,"jetpack_social_options":{"image_generator_settings":{"template":"highway","default_image_id":0,"font":"","enabled":false},"version":2}},"categories":[2],"tags":[],"class_list":["post-16451","post","type-post","status-publish","format-standard","has-post-thumbnail","hentry","category-1-mannschaft"],"jetpack_publicize_connections":[],"jetpack_featured_media_url":"https:\/\/i0.wp.com\/www.svzweckel.de\/wp-content\/uploads\/wp-17022295318478550611389552254621-scaled.jpg?fit=2560%2C1440&ssl=1","jetpack_sharing_enabled":true,"_links":{"self":[{"href":"https:\/\/www.svzweckel.de\/index.php?rest_route=\/wp\/v2\/posts\/16451","targetHints":{"allow":["GET"]}}],"collection":[{"href":"https:\/\/www.svzweckel.de\/index.php?rest_route=\/wp\/v2\/posts"}],"about":[{"href":"https:\/\/www.svzweckel.de\/index.php?rest_route=\/wp\/v2\/types\/post"}],"author":[{"embeddable":true,"href":"https:\/\/www.svzweckel.de\/index.php?rest_route=\/wp\/v2\/users\/3"}],"replies":[{"embeddable":true,"href":"https:\/\/www.svzweckel.de\/index.php?rest_route=%2Fwp%2Fv2%2Fcomments&post=16451"}],"version-history":[{"count":0,"href":"https:\/\/www.svzweckel.de\/index.php?rest_route=\/wp\/v2\/posts\/16451\/revisions"}],"wp:featuredmedia":[{"embeddable":true,"href":"https:\/\/www.svzweckel.de\/index.php?rest_route=\/wp\/v2\/media\/16449"}],"wp:attachment":[{"href":"https:\/\/www.svzweckel.de\/index.php?rest_route=%2Fwp%2Fv2%2Fmedia&parent=16451"}],"wp:term":[{"taxonomy":"category","embeddable":true,"href":"https:\/\/www.svzweckel.de\/index.php?rest_route=%2Fwp%2Fv2%2Fcategories&post=16451"},{"taxonomy":"post_tag","embeddable":true,"href":"https:\/\/www.svzweckel.de\/index.php?rest_route=%2Fwp%2Fv2%2Ftags&post=16451"}],"curies":[{"name":"wp","href":"https:\/\/api.w.org\/{rel}","templated":true}]}}