{"id":16516,"date":"2024-02-11T15:59:50","date_gmt":"2024-02-11T14:59:50","guid":{"rendered":"https:\/\/www.svzweckel.de\/?p=16516"},"modified":"2024-02-11T16:01:18","modified_gmt":"2024-02-11T15:01:18","slug":"generalprobe-gelungen-3","status":"publish","type":"post","link":"https:\/\/www.svzweckel.de\/?p=16516","title":{"rendered":"Generalprobe gelungen"},"content":{"rendered":"\n<p>TuS Helene Essen &#8211; SV Zweckel 1:6 (0:2)<\/p>\n\n\n\n<p>Nach den durchwachsenen Vorstellungen der vergangenen Wochen haben die Zweckeler ihre Generalprobe vor dem Meisterschaftsstart sehr gut gemeistert.<\/p>\n\n\n\n<p>Beim Tabellenf\u00fchrer der Kreisliga B in Essen gewannen die G\u00e4ste v\u00f6llig verdient mit 1:6 und zeigten viele starke Szenen. Gegen die keinesfalls schwachen Gastgeber waren die Zweckeler w\u00e4hrend der gesamten Partie immer pr\u00e4sent und hielten gegen ein l\u00e4uferisch und k\u00e4mpferisch gut aufgelegte Heimmannschaft immer dagegen. <\/p>\n\n\n\n<p>In der 30. Minute st\u00fcrmte Talha Uzan auf das Essener Tor zu und wurde durch einen rabiaten Einsatz von den Beinen geholt. Den f\u00e4lligen Elfmeter verwandelte Serkan K\u00f6se sicher zum 0:1. Nur f\u00fcnf Minuten sp\u00e4ter erh\u00f6hte Marlon Boris auf 0:2. Mit diesem Ergebnis wurden die Seiten gewechselt. <\/p>\n\n\n\n<p>Die Gastgeber gaben sich nicht auf und versuchten immer wieder ihren Sturm in Szene zu setzen. Die Zweckeler Defensive stand jedoch gut und mit einem offensiven Pressing setzten die Zweckeler die Vorgaben des Trainers so gut um, dass der Gegner im Aufbauspiel immer wieder Probleme hatte. <\/p>\n\n\n\n<p>Folgerichtig erh\u00f6hten die G\u00e4ste durch Milad Sahebzada in der 49. Minute auf 0:3. Vier Minuten sp\u00e4ter fiel der sch\u00f6nste Treffer des Tages, denn nach fr\u00fchem Ballgewinn wurd der Ball mit direktem Spiel nach vorne getragen und Jan Schwers traf zum 0:4. Die Schwarz-Gr\u00fcnen setzten nach und erh\u00f6hten durch Milad Sahebzada auf 0:5. Eine \u00fcberfl\u00fcssige Eins-gegen-Eins-Aktion leitete das 1:5 durch die Gastgeber ein. Nach einem Freisto\u00df fiel der Ball dem gegnerischen St\u00fcrmer vor die F\u00fc\u00dfe, der keine M\u00fche hatte, die Kugel im von Dario Schierenberg geh\u00fcteten Tor unterzubringen.<\/p>\n\n\n\n<p>Den Schlusspunkt setzten dann allerdings wieder die Zweckeler, denn nach toller Vorarbeit von Talha Uzan traf Jan Schwers nur den Pfosten, den Abpraller versenkte Serkan K\u00f6se jedoch mit einem Flachschuss ins rechte untere Eck zum 1:6-Endstand. <\/p>\n\n\n\n<p>Mit der gezeigten Lauf- und Kampfbereitschaft scheinen die Zweckeler gut f\u00fcr das am kommenden Sonntag anstehende Meisterschaftsspiel gegen He\u00dfler 06 ger\u00fcstet. <\/p>\n","protected":false},"excerpt":{"rendered":"<p>TuS Helene Essen &#8211; SV Zweckel 1:6 (0:2) Nach den durchwachsenen Vorstellungen der vergangenen Wochen haben die Zweckeler ihre Generalprobe vor dem Meisterschaftsstart sehr gut gemeistert. Beim Tabellenf\u00fchrer der Kreisliga B in Essen gewannen die G\u00e4ste v\u00f6llig verdient mit 1:6 und zeigten viele starke Szenen. Gegen die keinesfalls schwachen Gastgeber waren die Zweckeler w\u00e4hrend der [&hellip;]<\/p>\n","protected":false},"author":3,"featured_media":16514,"comment_status":"open","ping_status":"closed","sticky":false,"template":"","format":"standard","meta":{"_jetpack_memberships_contains_paid_content":false,"footnotes":"","jetpack_publicize_message":"","jetpack_publicize_feature_enabled":true,"jetpack_social_post_already_shared":false,"jetpack_social_options":{"image_generator_settings":{"template":"highway","default_image_id":0,"font":"","enabled":false},"version":2}},"categories":[2],"tags":[],"class_list":["post-16516","post","type-post","status-publish","format-standard","has-post-thumbnail","hentry","category-1-mannschaft"],"jetpack_publicize_connections":[],"jetpack_featured_media_url":"https:\/\/i0.wp.com\/www.svzweckel.de\/wp-content\/uploads\/wp-17076623409722698354592700706409.jpg?fit=2000%2C1125&ssl=1","jetpack_sharing_enabled":true,"_links":{"self":[{"href":"https:\/\/www.svzweckel.de\/index.php?rest_route=\/wp\/v2\/posts\/16516","targetHints":{"allow":["GET"]}}],"collection":[{"href":"https:\/\/www.svzweckel.de\/index.php?rest_route=\/wp\/v2\/posts"}],"about":[{"href":"https:\/\/www.svzweckel.de\/index.php?rest_route=\/wp\/v2\/types\/post"}],"author":[{"embeddable":true,"href":"https:\/\/www.svzweckel.de\/index.php?rest_route=\/wp\/v2\/users\/3"}],"replies":[{"embeddable":true,"href":"https:\/\/www.svzweckel.de\/index.php?rest_route=%2Fwp%2Fv2%2Fcomments&post=16516"}],"version-history":[{"count":0,"href":"https:\/\/www.svzweckel.de\/index.php?rest_route=\/wp\/v2\/posts\/16516\/revisions"}],"wp:featuredmedia":[{"embeddable":true,"href":"https:\/\/www.svzweckel.de\/index.php?rest_route=\/wp\/v2\/media\/16514"}],"wp:attachment":[{"href":"https:\/\/www.svzweckel.de\/index.php?rest_route=%2Fwp%2Fv2%2Fmedia&parent=16516"}],"wp:term":[{"taxonomy":"category","embeddable":true,"href":"https:\/\/www.svzweckel.de\/index.php?rest_route=%2Fwp%2Fv2%2Fcategories&post=16516"},{"taxonomy":"post_tag","embeddable":true,"href":"https:\/\/www.svzweckel.de\/index.php?rest_route=%2Fwp%2Fv2%2Ftags&post=16516"}],"curies":[{"name":"wp","href":"https:\/\/api.w.org\/{rel}","templated":true}]}}