{"id":16524,"date":"2024-02-15T18:06:21","date_gmt":"2024-02-15T17:06:21","guid":{"rendered":"https:\/\/www.svzweckel.de\/?p=16524"},"modified":"2024-02-15T18:25:50","modified_gmt":"2024-02-15T17:25:50","slug":"erstes-heimspiel-auf-dem-jahnplatz","status":"publish","type":"post","link":"https:\/\/www.svzweckel.de\/?p=16524","title":{"rendered":"Erstes &#8222;Heimspiel&#8220; auf dem Jahnplatz"},"content":{"rendered":"\n<p>Sonntag, 18.02.2024, 17:00 Uhr: SV Zweckel &#8211; SV Hessler 06<\/p>\n\n\n\n<p>Der SV Zweckel bestreitet das erste Heimspiel des Jahrs 2024 auf dem Kunstrasenplatz an der Konrad-Adenauer-Allee. Preu\u00dfen Gladbeck hat sich freundlicherweise bereit erkl\u00e4rt, dass die Zweckeler die restlichen Heimspiele der Saison auf dem Jahnplatz durchf\u00fchren k\u00f6nnen. Geplant sind diese Spiele jeweils sonntags um 17:00 Uhr. Das k\u00f6nnte sich allerdings noch \u00e4ndern, denn m\u00f6glicherweise kann das eine oder andere Heimspiel auch auf einen Freitag oder Samstag verlegt werden. Sollte der SV Zweckel im letzten Heimspiel gegen Horst noch in die Auf- oder Abstiegsfrage eingreifen k\u00f6nnen, m\u00fcssten sich die Beteiligten mit dem Staffelleiter m\u00f6glicherweise noch auf eine andere \u00d6rtlichkeit einigen, da dann das Spiel zeitgleich mit den anderen Partien stattfinden m\u00fcsste.<\/p>\n\n\n\n<p>Die Vorbereitung der Zweckeler war durchwachsen, wobei die letzte Partie Auftrieb geben k\u00f6nnte, denn die Mannschaft zeigte sich kampfstark und spielerisch stark verbessert. Diese Leistung muss am Sonntag gegen Hessler wieder auf den Platz gebracht werden, damit am Ende der erste Dreier im neuen Jahr zu Buche schl\u00e4gt. <\/p>\n\n\n\n<p>Der sonnt\u00e4gliche Gegner hat sich am vergangenen Sonntag jedoch ebenfalls noch gut pr\u00e4sentiert und im Vorbereitungsspiel gegen den Bezirksligisten Fortuna Bottrop mit 3:1 gewonnen. Eine Woche vorher gewann Hessler mit 1:6 im Ausw\u00e4rtsspiel bei Mengede 08\/20, die ebenfalls in der Bezirksliga beheimatet sind. <\/p>\n\n\n\n<p>Die Ergebnisse von Hessler zeigen, dass das Spiel gegen Hessler alles andere ein Spaziergang wird. Nur mit absolutem Siegeswillen, Kampfbereitschaft und dem n\u00f6tigen Qu\u00e4ntchen Gl\u00fcck wird es den Zwecklern gelingen, Hessler niederzuringen. Das w\u00fcrde auch bedeuten, dass die Schwarz-Gr\u00fcnen vorerst an Hessler vorbeiziehen k\u00f6nnten, da der Gast lediglich zwei Z\u00e4hler mehr auf der Habenseite, bei einem Spiel R\u00fcckstand, aufweist. <\/p>\n","protected":false},"excerpt":{"rendered":"<p>Sonntag, 18.02.2024, 17:00 Uhr: SV Zweckel &#8211; SV Hessler 06 Der SV Zweckel bestreitet das erste Heimspiel des Jahrs 2024 auf dem Kunstrasenplatz an der Konrad-Adenauer-Allee. Preu\u00dfen Gladbeck hat sich freundlicherweise bereit erkl\u00e4rt, dass die Zweckeler die restlichen Heimspiele der Saison auf dem Jahnplatz durchf\u00fchren k\u00f6nnen. Geplant sind diese Spiele jeweils sonntags um 17:00 Uhr. [&hellip;]<\/p>\n","protected":false},"author":3,"featured_media":16515,"comment_status":"open","ping_status":"closed","sticky":false,"template":"","format":"standard","meta":{"_jetpack_memberships_contains_paid_content":false,"footnotes":"","jetpack_publicize_message":"","jetpack_publicize_feature_enabled":true,"jetpack_social_post_already_shared":false,"jetpack_social_options":{"image_generator_settings":{"template":"highway","default_image_id":0,"font":"","enabled":false},"version":2}},"categories":[2],"tags":[],"class_list":["post-16524","post","type-post","status-publish","format-standard","has-post-thumbnail","hentry","category-1-mannschaft"],"jetpack_publicize_connections":[],"jetpack_featured_media_url":"https:\/\/i0.wp.com\/www.svzweckel.de\/wp-content\/uploads\/wp-17076623570285976478562863198259.jpg?fit=2000%2C1125&ssl=1","jetpack_sharing_enabled":true,"_links":{"self":[{"href":"https:\/\/www.svzweckel.de\/index.php?rest_route=\/wp\/v2\/posts\/16524","targetHints":{"allow":["GET"]}}],"collection":[{"href":"https:\/\/www.svzweckel.de\/index.php?rest_route=\/wp\/v2\/posts"}],"about":[{"href":"https:\/\/www.svzweckel.de\/index.php?rest_route=\/wp\/v2\/types\/post"}],"author":[{"embeddable":true,"href":"https:\/\/www.svzweckel.de\/index.php?rest_route=\/wp\/v2\/users\/3"}],"replies":[{"embeddable":true,"href":"https:\/\/www.svzweckel.de\/index.php?rest_route=%2Fwp%2Fv2%2Fcomments&post=16524"}],"version-history":[{"count":0,"href":"https:\/\/www.svzweckel.de\/index.php?rest_route=\/wp\/v2\/posts\/16524\/revisions"}],"wp:featuredmedia":[{"embeddable":true,"href":"https:\/\/www.svzweckel.de\/index.php?rest_route=\/wp\/v2\/media\/16515"}],"wp:attachment":[{"href":"https:\/\/www.svzweckel.de\/index.php?rest_route=%2Fwp%2Fv2%2Fmedia&parent=16524"}],"wp:term":[{"taxonomy":"category","embeddable":true,"href":"https:\/\/www.svzweckel.de\/index.php?rest_route=%2Fwp%2Fv2%2Fcategories&post=16524"},{"taxonomy":"post_tag","embeddable":true,"href":"https:\/\/www.svzweckel.de\/index.php?rest_route=%2Fwp%2Fv2%2Ftags&post=16524"}],"curies":[{"name":"wp","href":"https:\/\/api.w.org\/{rel}","templated":true}]}}