{"id":16542,"date":"2024-02-23T18:45:01","date_gmt":"2024-02-23T17:45:01","guid":{"rendered":"https:\/\/www.svzweckel.de\/?p=16542"},"modified":"2024-03-23T14:51:09","modified_gmt":"2024-03-23T13:51:09","slug":"jahreshauptversammlung-am-22-03-24-im-vereinsheim","status":"publish","type":"post","link":"https:\/\/www.svzweckel.de\/?p=16542","title":{"rendered":"Jahreshauptversammlung am 22.03.24 im Vereinsheim"},"content":{"rendered":"\n<p>Die Jahreshauptversammlung 2024 findet am Freitag, dem 22. M\u00e4rz 2024 um 19:23 Uhr im Zweckeler Vereinsheim statt und beinhaltet folgende Tagesordnungspunkte:<\/p>\n\n\n\n<p>1. Feststellung der Beschlussf\u00e4higkeit der Versammlung<\/p>\n\n\n\n<p>2. Allgemeiner Jahresbericht des Vorstandes und Bericht \u00fcber das laufende Gesch\u00e4ftsjahr<\/p>\n\n\n\n<p>3. Jahresbericht Alte Herren<\/p>\n\n\n\n<p>4. Jahresbericht Jugendabteilung<\/p>\n\n\n\n<p>5. Jahresbericht Darts<\/p>\n\n\n\n<p>6. Kassenbericht<\/p>\n\n\n\n<p>7. Bericht der Kassenpr\u00fcfer<\/p>\n\n\n\n<p>8. Wahl des Wahlleiters<\/p>\n\n\n\n<p>9. Entlastung des Vorstandes<\/p>\n\n\n\n<p>10. Wahlen<\/p>\n\n\n\n<p>11. Ehrungen<\/p>\n\n\n\n<p>12. Verschiedenes<\/p>\n\n\n\n<p>Gem\u00e4\u00df 10.6 der Satzung m\u00fcssen Antr\u00e4ge von Mitgliedern zur Tagesordnung mindestens 5 Tage vor der Versammlung schriftlich bei dem Vorsitzenden eingegangen sein. Diese Antr\u00e4ge sind in die Tagesordnung aufzunehmen.<\/p>\n\n\n\n<p>An der Jahreshauptversammlung k\u00f6nnen ausschlie\u00dflich Vereinsmitglieder teilnehmen. Alle anderen G\u00e4ste werden gebeten, das Vereinsheim bis 19:00 Uhr zu verlassen.<\/p>\n\n\n\n<p>Der Vorstand<\/p>\n","protected":false},"excerpt":{"rendered":"<p>Die Jahreshauptversammlung 2024 findet am Freitag, dem 22. M\u00e4rz 2024 um 19:23 Uhr im Zweckeler Vereinsheim statt und beinhaltet folgende Tagesordnungspunkte: 1. Feststellung der Beschlussf\u00e4higkeit der Versammlung 2. Allgemeiner Jahresbericht des Vorstandes und Bericht \u00fcber das laufende Gesch\u00e4ftsjahr 3. Jahresbericht Alte Herren 4. Jahresbericht Jugendabteilung 5. Jahresbericht Darts 6. Kassenbericht 7. Bericht der Kassenpr\u00fcfer 8. [&hellip;]<\/p>\n","protected":false},"author":3,"featured_media":16544,"comment_status":"open","ping_status":"closed","sticky":false,"template":"","format":"standard","meta":{"_jetpack_memberships_contains_paid_content":false,"footnotes":"","jetpack_publicize_message":"","jetpack_publicize_feature_enabled":true,"jetpack_social_post_already_shared":false,"jetpack_social_options":{"image_generator_settings":{"template":"highway","default_image_id":0,"font":"","enabled":false},"version":2}},"categories":[3],"tags":[],"class_list":["post-16542","post","type-post","status-publish","format-standard","has-post-thumbnail","hentry","category-allgemein"],"jetpack_publicize_connections":[],"jetpack_featured_media_url":"https:\/\/i0.wp.com\/www.svzweckel.de\/wp-content\/uploads\/Kaefig_001.jpg?fit=800%2C450&ssl=1","jetpack_sharing_enabled":true,"_links":{"self":[{"href":"https:\/\/www.svzweckel.de\/index.php?rest_route=\/wp\/v2\/posts\/16542","targetHints":{"allow":["GET"]}}],"collection":[{"href":"https:\/\/www.svzweckel.de\/index.php?rest_route=\/wp\/v2\/posts"}],"about":[{"href":"https:\/\/www.svzweckel.de\/index.php?rest_route=\/wp\/v2\/types\/post"}],"author":[{"embeddable":true,"href":"https:\/\/www.svzweckel.de\/index.php?rest_route=\/wp\/v2\/users\/3"}],"replies":[{"embeddable":true,"href":"https:\/\/www.svzweckel.de\/index.php?rest_route=%2Fwp%2Fv2%2Fcomments&post=16542"}],"version-history":[{"count":0,"href":"https:\/\/www.svzweckel.de\/index.php?rest_route=\/wp\/v2\/posts\/16542\/revisions"}],"wp:featuredmedia":[{"embeddable":true,"href":"https:\/\/www.svzweckel.de\/index.php?rest_route=\/wp\/v2\/media\/16544"}],"wp:attachment":[{"href":"https:\/\/www.svzweckel.de\/index.php?rest_route=%2Fwp%2Fv2%2Fmedia&parent=16542"}],"wp:term":[{"taxonomy":"category","embeddable":true,"href":"https:\/\/www.svzweckel.de\/index.php?rest_route=%2Fwp%2Fv2%2Fcategories&post=16542"},{"taxonomy":"post_tag","embeddable":true,"href":"https:\/\/www.svzweckel.de\/index.php?rest_route=%2Fwp%2Fv2%2Ftags&post=16542"}],"curies":[{"name":"wp","href":"https:\/\/api.w.org\/{rel}","templated":true}]}}