{"id":16546,"date":"2024-03-01T09:15:53","date_gmt":"2024-03-01T08:15:53","guid":{"rendered":"https:\/\/www.svzweckel.de\/?p=16546"},"modified":"2024-03-01T09:15:55","modified_gmt":"2024-03-01T08:15:55","slug":"auswaerts-in-recklinghausen","status":"publish","type":"post","link":"https:\/\/www.svzweckel.de\/?p=16546","title":{"rendered":"Ausw\u00e4rts in Recklinghausen"},"content":{"rendered":"\n<p>Sonntag, 03.03.2024, 15:00 Uhr: FC 96 Recklinghausen &#8211; SV Zweckel <\/p>\n\n\n\n<p>Der SV Zweckel hatte am letzten Sonntag spielfrei und ist nach dem Spieltag auf den ersten Abstiegsplatz gerutscht, da sowohl Firtinaspor als auch Resse punkten konnten.<\/p>\n\n\n\n<p>Aus diesem Grund stehen die Schwarz-Gr\u00fcnen in Recklinghausen schon unter Zugzwang und sollten auf keinen Fall verlieren, um den Anschluss an das Mittelfeld nicht zu verlieren. Der Aufsteiger aus der Kreisstadt hat im Jahr 2024 auch erst ein Spiel absolviert, welches am letzten Sonntag knapp in Hessler verloren wurde. <\/p>\n\n\n\n<p>Trotz doppelter \u00dcberzahl in den Schlussminuten haben die Recklingh\u00e4user eine knappe 1:0-Niederlage hinnehmen m\u00fcssen und sind somit auch auf Wiedergutmachung aus. <\/p>\n\n\n\n<p>Im Hinspiel sahen die Zweckeler lange Zeit wie der verdiente Sieger aus, verspielten allerdings eine 2:0- F\u00fchrung und kassierten in der Nachspielzeit den Ausgleichstreffer zum 2:2.<\/p>\n\n\n\n<p>Sollte die Elf von Marc Bahl es schaffen, 90 Minuten konzentriert zur Werke zu gehen, k\u00f6nnte es mit den ersten Punkten im neuen Jahr klappen. Dazu ist es allerdings erforderlich, dass die Schwarz-Gr\u00fcnen keine Geschenke mehr an die Gegner verteilen und das Spiel dadurch v\u00f6llig \u00fcberfl\u00fcssig aus der Hand geben. Gegen Hessler war die Mannschaft deutlich spielbestimmend, leistete sich aber haarstr\u00e4ubende Fehler, die zu entscheidenden Treffern der G\u00e4ste f\u00fchrten.<\/p>\n","protected":false},"excerpt":{"rendered":"<p>Sonntag, 03.03.2024, 15:00 Uhr: FC 96 Recklinghausen &#8211; SV Zweckel Der SV Zweckel hatte am letzten Sonntag spielfrei und ist nach dem Spieltag auf den ersten Abstiegsplatz gerutscht, da sowohl Firtinaspor als auch Resse punkten konnten. Aus diesem Grund stehen die Schwarz-Gr\u00fcnen in Recklinghausen schon unter Zugzwang und sollten auf keinen Fall verlieren, um den [&hellip;]<\/p>\n","protected":false},"author":3,"featured_media":16535,"comment_status":"open","ping_status":"closed","sticky":false,"template":"","format":"standard","meta":{"_jetpack_memberships_contains_paid_content":false,"footnotes":"","jetpack_publicize_message":"","jetpack_publicize_feature_enabled":true,"jetpack_social_post_already_shared":false,"jetpack_social_options":{"image_generator_settings":{"template":"highway","default_image_id":0,"font":"","enabled":false},"version":2}},"categories":[3],"tags":[],"class_list":["post-16546","post","type-post","status-publish","format-standard","has-post-thumbnail","hentry","category-allgemein"],"jetpack_publicize_connections":[],"jetpack_featured_media_url":"https:\/\/i0.wp.com\/www.svzweckel.de\/wp-content\/uploads\/wp-1708284841606323622164489393741.jpg?fit=2000%2C1125&ssl=1","jetpack_sharing_enabled":true,"_links":{"self":[{"href":"https:\/\/www.svzweckel.de\/index.php?rest_route=\/wp\/v2\/posts\/16546","targetHints":{"allow":["GET"]}}],"collection":[{"href":"https:\/\/www.svzweckel.de\/index.php?rest_route=\/wp\/v2\/posts"}],"about":[{"href":"https:\/\/www.svzweckel.de\/index.php?rest_route=\/wp\/v2\/types\/post"}],"author":[{"embeddable":true,"href":"https:\/\/www.svzweckel.de\/index.php?rest_route=\/wp\/v2\/users\/3"}],"replies":[{"embeddable":true,"href":"https:\/\/www.svzweckel.de\/index.php?rest_route=%2Fwp%2Fv2%2Fcomments&post=16546"}],"version-history":[{"count":0,"href":"https:\/\/www.svzweckel.de\/index.php?rest_route=\/wp\/v2\/posts\/16546\/revisions"}],"wp:featuredmedia":[{"embeddable":true,"href":"https:\/\/www.svzweckel.de\/index.php?rest_route=\/wp\/v2\/media\/16535"}],"wp:attachment":[{"href":"https:\/\/www.svzweckel.de\/index.php?rest_route=%2Fwp%2Fv2%2Fmedia&parent=16546"}],"wp:term":[{"taxonomy":"category","embeddable":true,"href":"https:\/\/www.svzweckel.de\/index.php?rest_route=%2Fwp%2Fv2%2Fcategories&post=16546"},{"taxonomy":"post_tag","embeddable":true,"href":"https:\/\/www.svzweckel.de\/index.php?rest_route=%2Fwp%2Fv2%2Ftags&post=16546"}],"curies":[{"name":"wp","href":"https:\/\/api.w.org\/{rel}","templated":true}]}}