{"id":16549,"date":"2024-03-04T20:26:04","date_gmt":"2024-03-04T19:26:04","guid":{"rendered":"https:\/\/www.svzweckel.de\/?p=16549"},"modified":"2024-03-04T20:26:15","modified_gmt":"2024-03-04T19:26:15","slug":"starke-defensivleistung","status":"publish","type":"post","link":"https:\/\/www.svzweckel.de\/?p=16549","title":{"rendered":"Starke Defensivleistung"},"content":{"rendered":"\n<p>FC Recklinghausen &#8211; SV Zweckel 0:0<\/p>\n\n\n\n<p>Gegen\u00fcber dem letzten Spiel gegen Hessler hat die Zweckeler Mannschaft am Sonntag eine tolle Defensivleistung hingelegt und ohne Gegentor ein Remis erzielt.<\/p>\n\n\n\n<p>Mit einer starken k\u00e4mpferischen Leistung haben die Zweckeler in der Schlussphase in doppelter Unterzahl gegen starke Gastgeber gegengehalten, die mit dem ehemaligen Profi Timo Kunert angetreten waren. Die G\u00e4ste haderten allerdings etwas mit dem Schiedsrichter, der leider beide Mannschaften unterschiedlich behandelte. Gleich gelagerte Fouls wurden nicht gleich geahndet. <\/p>\n\n\n\n<p>Aus diesem Grund erhielten die Zweckeler auch 6 gelbe, eine gelb-rote und eine rote Karte. Hinzu kommt noch eine rote Karte f\u00fcr Trainer Marc Bahl, der lautstark protestierte. Auf der anderen Seite gab es lediglich eine gelbe karte und eine rote Karte f\u00fcr einen Recklinghausener Spieler, der seinen Gegenspieler grob beleidigte.<\/p>\n\n\n\n<p>Trotzdem brachten die Zweckeler das Unentschieden auch dank eines \u00fcberragend aufgelegten Dario Schierenberg, der das Zweckeler Geh\u00e4use sauber hielt, \u00fcber die Runden, weche der Schiedsrichter bis zur 100. Minute laufen lie\u00df. <\/p>\n\n\n\n<p>Serkan K\u00f6se wird den Schwarz-Gr\u00fcnen lediglich im n\u00e4chsten Spiel fehlen, w\u00e4hrend Tristan Oben-stintenberg erst einmal vier Wochen pausieren muss.<\/p>\n","protected":false},"excerpt":{"rendered":"<p>FC Recklinghausen &#8211; SV Zweckel 0:0 Gegen\u00fcber dem letzten Spiel gegen Hessler hat die Zweckeler Mannschaft am Sonntag eine tolle Defensivleistung hingelegt und ohne Gegentor ein Remis erzielt. Mit einer starken k\u00e4mpferischen Leistung haben die Zweckeler in der Schlussphase in doppelter Unterzahl gegen starke Gastgeber gegengehalten, die mit dem ehemaligen Profi Timo Kunert angetreten waren. [&hellip;]<\/p>\n","protected":false},"author":3,"featured_media":16415,"comment_status":"open","ping_status":"closed","sticky":false,"template":"","format":"standard","meta":{"_jetpack_memberships_contains_paid_content":false,"footnotes":"","jetpack_publicize_message":"","jetpack_publicize_feature_enabled":true,"jetpack_social_post_already_shared":false,"jetpack_social_options":{"image_generator_settings":{"template":"highway","default_image_id":0,"font":"","enabled":false},"version":2}},"categories":[2],"tags":[],"class_list":["post-16549","post","type-post","status-publish","format-standard","has-post-thumbnail","hentry","category-1-mannschaft"],"jetpack_publicize_connections":[],"jetpack_featured_media_url":"https:\/\/i0.wp.com\/www.svzweckel.de\/wp-content\/uploads\/DSC00045.jpg?fit=800%2C533&ssl=1","jetpack_sharing_enabled":true,"_links":{"self":[{"href":"https:\/\/www.svzweckel.de\/index.php?rest_route=\/wp\/v2\/posts\/16549","targetHints":{"allow":["GET"]}}],"collection":[{"href":"https:\/\/www.svzweckel.de\/index.php?rest_route=\/wp\/v2\/posts"}],"about":[{"href":"https:\/\/www.svzweckel.de\/index.php?rest_route=\/wp\/v2\/types\/post"}],"author":[{"embeddable":true,"href":"https:\/\/www.svzweckel.de\/index.php?rest_route=\/wp\/v2\/users\/3"}],"replies":[{"embeddable":true,"href":"https:\/\/www.svzweckel.de\/index.php?rest_route=%2Fwp%2Fv2%2Fcomments&post=16549"}],"version-history":[{"count":0,"href":"https:\/\/www.svzweckel.de\/index.php?rest_route=\/wp\/v2\/posts\/16549\/revisions"}],"wp:featuredmedia":[{"embeddable":true,"href":"https:\/\/www.svzweckel.de\/index.php?rest_route=\/wp\/v2\/media\/16415"}],"wp:attachment":[{"href":"https:\/\/www.svzweckel.de\/index.php?rest_route=%2Fwp%2Fv2%2Fmedia&parent=16549"}],"wp:term":[{"taxonomy":"category","embeddable":true,"href":"https:\/\/www.svzweckel.de\/index.php?rest_route=%2Fwp%2Fv2%2Fcategories&post=16549"},{"taxonomy":"post_tag","embeddable":true,"href":"https:\/\/www.svzweckel.de\/index.php?rest_route=%2Fwp%2Fv2%2Ftags&post=16549"}],"curies":[{"name":"wp","href":"https:\/\/api.w.org\/{rel}","templated":true}]}}