{"id":16553,"date":"2024-03-07T21:45:47","date_gmt":"2024-03-07T20:45:47","guid":{"rendered":"https:\/\/www.svzweckel.de\/?p=16553"},"modified":"2024-03-07T21:46:17","modified_gmt":"2024-03-07T20:46:17","slug":"wichtiges-spiel-gegen-buer-ii","status":"publish","type":"post","link":"https:\/\/www.svzweckel.de\/?p=16553","title":{"rendered":"Wichtiges Spiel gegen Buer II"},"content":{"rendered":"\n<p>Sonntag, 10.03.24, 15:15 Uhr: SV Zweckel &#8211; SSV Buer II<\/p>\n\n\n\n<p>Am kommenden Spieltag treffen zwei Mannschaften aus dem Tabellenkeller aufeinander, die beide punkten m\u00fcssen, um den Abstand zum Mittelfeld nicht abrei\u00dfen zu lassen.<\/p>\n\n\n\n<p>Die Zweckeler, die am letzten Sonntag mit einer guten Defensivleistung einen Punkt in Recklinghausen ergatterten, wollen auf dem Kunstrasenplatz an die guten Leistungen der letzten Spiele ankn\u00fcpfen. Auch im leider verlorenen Spiel gegen Hessler waren die Zweckeler nicht die schlechtere Mannschaft, verloren allerdings die Partie auf Grund individueller Fehler. <\/p>\n\n\n\n<p>Am Sonntag m\u00fcssen die Schwarz-Gr\u00fcnen auf Jan Schwers (f\u00fcnfte gelbe Karte), Serkan K\u00f6se (gelb-rote Karte) und Tristan Oben-Stintenberg (rote Karte) verzichten. Zus\u00e4tzlich muss Trainer Marc Bahl hinter die Bande treten und darf die Mannschaft nicht coachen, da auch er in Recklinghausen den roten Karton sah. F\u00fcr ihn wird Co-Trainer Albert Alex die Mannschaft coachen. <\/p>\n\n\n\n<p>Die Zweckeler werden alles in die Waagschale werfen, um die Punkte an der Konrad-Adenauer-Alle zu sichern. <\/p>\n","protected":false},"excerpt":{"rendered":"<p>Sonntag, 10.03.24, 15:15 Uhr: SV Zweckel &#8211; SSV Buer II Am kommenden Spieltag treffen zwei Mannschaften aus dem Tabellenkeller aufeinander, die beide punkten m\u00fcssen, um den Abstand zum Mittelfeld nicht abrei\u00dfen zu lassen. Die Zweckeler, die am letzten Sonntag mit einer guten Defensivleistung einen Punkt in Recklinghausen ergatterten, wollen auf dem Kunstrasenplatz an die guten [&hellip;]<\/p>\n","protected":false},"author":3,"featured_media":16432,"comment_status":"open","ping_status":"closed","sticky":false,"template":"","format":"standard","meta":{"_jetpack_memberships_contains_paid_content":false,"footnotes":"","jetpack_publicize_message":"","jetpack_publicize_feature_enabled":true,"jetpack_social_post_already_shared":false,"jetpack_social_options":{"image_generator_settings":{"template":"highway","default_image_id":0,"font":"","enabled":false},"version":2}},"categories":[2],"tags":[],"class_list":["post-16553","post","type-post","status-publish","format-standard","has-post-thumbnail","hentry","category-1-mannschaft"],"jetpack_publicize_connections":[],"jetpack_featured_media_url":"https:\/\/i0.wp.com\/www.svzweckel.de\/wp-content\/uploads\/DSC00004.jpg?fit=800%2C533&ssl=1","jetpack_sharing_enabled":true,"_links":{"self":[{"href":"https:\/\/www.svzweckel.de\/index.php?rest_route=\/wp\/v2\/posts\/16553","targetHints":{"allow":["GET"]}}],"collection":[{"href":"https:\/\/www.svzweckel.de\/index.php?rest_route=\/wp\/v2\/posts"}],"about":[{"href":"https:\/\/www.svzweckel.de\/index.php?rest_route=\/wp\/v2\/types\/post"}],"author":[{"embeddable":true,"href":"https:\/\/www.svzweckel.de\/index.php?rest_route=\/wp\/v2\/users\/3"}],"replies":[{"embeddable":true,"href":"https:\/\/www.svzweckel.de\/index.php?rest_route=%2Fwp%2Fv2%2Fcomments&post=16553"}],"version-history":[{"count":0,"href":"https:\/\/www.svzweckel.de\/index.php?rest_route=\/wp\/v2\/posts\/16553\/revisions"}],"wp:featuredmedia":[{"embeddable":true,"href":"https:\/\/www.svzweckel.de\/index.php?rest_route=\/wp\/v2\/media\/16432"}],"wp:attachment":[{"href":"https:\/\/www.svzweckel.de\/index.php?rest_route=%2Fwp%2Fv2%2Fmedia&parent=16553"}],"wp:term":[{"taxonomy":"category","embeddable":true,"href":"https:\/\/www.svzweckel.de\/index.php?rest_route=%2Fwp%2Fv2%2Fcategories&post=16553"},{"taxonomy":"post_tag","embeddable":true,"href":"https:\/\/www.svzweckel.de\/index.php?rest_route=%2Fwp%2Fv2%2Ftags&post=16553"}],"curies":[{"name":"wp","href":"https:\/\/api.w.org\/{rel}","templated":true}]}}