{"id":16558,"date":"2024-03-10T18:04:44","date_gmt":"2024-03-10T17:04:44","guid":{"rendered":"https:\/\/www.svzweckel.de\/?p=16558"},"modified":"2024-03-10T18:04:45","modified_gmt":"2024-03-10T17:04:45","slug":"viel-kampf-und-krampf-auf-dem-jahnplatz","status":"publish","type":"post","link":"https:\/\/www.svzweckel.de\/?p=16558","title":{"rendered":"Viel Kampf und Krampf auf dem Jahnplatz"},"content":{"rendered":"\n<p>SV Zweckel &#8211; SSV Buer II 1:1 (0:0)<\/p>\n\n\n\n<p>Der SV Zweckel war schon mit dem &#8222;letzten&#8220; Aufgebot angetreten und musste kurz vor Spielbeginn auch noch den fest eingeplanten Marcel Heidenreich verzichten, der privat verhindert war. Somit standen mit Alexander H\u00fcsgen und Armand Lalo Penka Kouesso nur zwei Feldspieler zur Verf\u00fcgung. <\/p>\n\n\n\n<p>Die Zweckeler spielten, wie schon gegen Hessler, gut auf und setzten den Gegner in der ersten halben Stunde auch durch eine starkes Forechecking unter Druck und zwangen die Bueraner immer wieder zu Fehlern. Leider wurden mehrere Situationen zu hektisch bzw. zu ungenau ausgespielt, so dass au\u00dfer einigen Halbchancen und Freisto\u00dfgelegenheiten keine \u00fcberragende Chancen herausgespielt wurden. <\/p>\n\n\n\n<p>In der 40. Minute prallten ein Bueraner Spieler und der Zweckeler Talha Uzan ungl\u00fccklich mit den K\u00f6pfen zusammen, so dass beide ins Krankenhaus gebracht werden mussten. Der Zweckeler Spieler erschien bereits am Ende des Spiels wieder und kann vermutlich in der kommenden Woche wieder das Training aufnehmen. <\/p>\n\n\n\n<p>F\u00fcr Uzan kam Armand Lalo Penka Kouesso und f\u00fchrte sich gleich \u00fcberragend ein. Moritz Heidenreich spielte einen starken Pass in die Spitze, welchen Armand Lalo Penka Kouesso aufnahm, den Torwart umkurvte und zur Zweckeler F\u00fchrung einschob. <\/p>\n\n\n\n<p>Leider hielt die F\u00fchrung der &#8222;Hausherren&#8220; nicht lange, denn bereits zwei Minuten sp\u00e4ter passte die ansonsten gut stehende Zweckeler Hintermannschaft nicht auf und mit einem Beinschuss wurder der im Spiel eigentlich besch\u00e4ftigungslose Keeper Dario Schierenberg \u00fcberwunden. <\/p>\n\n\n\n<p>Zum Ende wurde die Partie noch etwas hektisch. Ein Bueraner Spieler erhielt vier Minuten vor Schluss die rote Karte und Ahmet Cicek, der in der 94. Minute die gelbe Karte gesehen hatte, kassierte nur eine Minute sp\u00e4ter die gelb-roten Karte. <br>Mehr passierte nicht mehr an der Konrad-Adenauer-Alle. Das Ergebnis kann beide Mannschaften nicht zufriedenstellen, wobei die Zweckeler sicher mehr Spielanteile hatten und den Sieg vermutlich etwas mehr verdienst gehabt h\u00e4tten. <\/p>\n","protected":false},"excerpt":{"rendered":"<p>SV Zweckel &#8211; SSV Buer II 1:1 (0:0) Der SV Zweckel war schon mit dem &#8222;letzten&#8220; Aufgebot angetreten und musste kurz vor Spielbeginn auch noch den fest eingeplanten Marcel Heidenreich verzichten, der privat verhindert war. Somit standen mit Alexander H\u00fcsgen und Armand Lalo Penka Kouesso nur zwei Feldspieler zur Verf\u00fcgung. Die Zweckeler spielten, wie schon [&hellip;]<\/p>\n","protected":false},"author":3,"featured_media":16555,"comment_status":"open","ping_status":"closed","sticky":false,"template":"","format":"standard","meta":{"_jetpack_memberships_contains_paid_content":false,"footnotes":"","jetpack_publicize_message":"","jetpack_publicize_feature_enabled":true,"jetpack_social_post_already_shared":false,"jetpack_social_options":{"image_generator_settings":{"template":"highway","default_image_id":0,"font":"","enabled":false},"version":2}},"categories":[3],"tags":[],"class_list":["post-16558","post","type-post","status-publish","format-standard","has-post-thumbnail","hentry","category-allgemein"],"jetpack_publicize_connections":[],"jetpack_featured_media_url":"https:\/\/i0.wp.com\/www.svzweckel.de\/wp-content\/uploads\/wp-17100890076712391702946277588493.jpg?fit=2000%2C1125&ssl=1","jetpack_sharing_enabled":true,"_links":{"self":[{"href":"https:\/\/www.svzweckel.de\/index.php?rest_route=\/wp\/v2\/posts\/16558","targetHints":{"allow":["GET"]}}],"collection":[{"href":"https:\/\/www.svzweckel.de\/index.php?rest_route=\/wp\/v2\/posts"}],"about":[{"href":"https:\/\/www.svzweckel.de\/index.php?rest_route=\/wp\/v2\/types\/post"}],"author":[{"embeddable":true,"href":"https:\/\/www.svzweckel.de\/index.php?rest_route=\/wp\/v2\/users\/3"}],"replies":[{"embeddable":true,"href":"https:\/\/www.svzweckel.de\/index.php?rest_route=%2Fwp%2Fv2%2Fcomments&post=16558"}],"version-history":[{"count":0,"href":"https:\/\/www.svzweckel.de\/index.php?rest_route=\/wp\/v2\/posts\/16558\/revisions"}],"wp:featuredmedia":[{"embeddable":true,"href":"https:\/\/www.svzweckel.de\/index.php?rest_route=\/wp\/v2\/media\/16555"}],"wp:attachment":[{"href":"https:\/\/www.svzweckel.de\/index.php?rest_route=%2Fwp%2Fv2%2Fmedia&parent=16558"}],"wp:term":[{"taxonomy":"category","embeddable":true,"href":"https:\/\/www.svzweckel.de\/index.php?rest_route=%2Fwp%2Fv2%2Fcategories&post=16558"},{"taxonomy":"post_tag","embeddable":true,"href":"https:\/\/www.svzweckel.de\/index.php?rest_route=%2Fwp%2Fv2%2Ftags&post=16558"}],"curies":[{"name":"wp","href":"https:\/\/api.w.org\/{rel}","templated":true}]}}