{"id":16561,"date":"2024-03-15T00:02:12","date_gmt":"2024-03-14T23:02:12","guid":{"rendered":"https:\/\/www.svzweckel.de\/?p=16561"},"modified":"2024-03-15T00:02:13","modified_gmt":"2024-03-14T23:02:13","slug":"derby-in-hassel","status":"publish","type":"post","link":"https:\/\/www.svzweckel.de\/?p=16561","title":{"rendered":"Derby in Hassel"},"content":{"rendered":"\n<p>17.03.24, 15:00 Uhr: SC Hassel &#8211; SV Zweckel<\/p>\n\n\n\n<p>Nach dem Remis gegen Buer II steht nun ein weiteres Derby auf dem Programm. Am kommenden Sonntag reisen die Zweckeler nur wenige Kilometer weiter zum Nachbarn nach Hassel.<\/p>\n\n\n\n<p>Mit 30 Punkten steht der SC Hassel auf einem guten 5. Tabellenplatz, wohingegen die Zweckeler sich auf einem Abstiegsplatz befinden. Am vergangenen Sonntag gewannen die Hasseler mit 3:4 bei Hessler 06 und holten dabei nicht nur dreimal einen R\u00fcckstand auf, sondern drehten das Spiel in der 76. und 81. Minute zu ihren Gunsten. <\/p>\n\n\n\n<p>Die Zweckeler k\u00f6nnen am Sonntag wieder auf Serkan K\u00f6se und Jan Schwers zur\u00fcckgreifen, m\u00fcssen allerdings weiterhin auf Tristan Oben-Stintenberg verzichten. Au\u00dferdem sind mit Moritz Heidenreich und Ahmet Cidek zwei Spieler wegen der 5. gelben Karte gesperrt. <\/p>\n\n\n\n<p>Die Bedingungen sind am Sonntag sicher nicht einfach, allerdings haben die Schwarz-Gr\u00fcnen am letzten Sonntag auch schon stark ersatzgeschw\u00e4cht gezeigt, dass mit Kampf und Einsatz auch Punkte zu holen sind. <\/p>\n","protected":false},"excerpt":{"rendered":"<p>17.03.24, 15:00 Uhr: SC Hassel &#8211; SV Zweckel Nach dem Remis gegen Buer II steht nun ein weiteres Derby auf dem Programm. Am kommenden Sonntag reisen die Zweckeler nur wenige Kilometer weiter zum Nachbarn nach Hassel. Mit 30 Punkten steht der SC Hassel auf einem guten 5. Tabellenplatz, wohingegen die Zweckeler sich auf einem Abstiegsplatz [&hellip;]<\/p>\n","protected":false},"author":3,"featured_media":16556,"comment_status":"open","ping_status":"closed","sticky":false,"template":"","format":"standard","meta":{"_jetpack_memberships_contains_paid_content":false,"footnotes":"","jetpack_publicize_message":"","jetpack_publicize_feature_enabled":true,"jetpack_social_post_already_shared":false,"jetpack_social_options":{"image_generator_settings":{"template":"highway","default_image_id":0,"font":"","enabled":false},"version":2}},"categories":[2],"tags":[],"class_list":["post-16561","post","type-post","status-publish","format-standard","has-post-thumbnail","hentry","category-1-mannschaft"],"jetpack_publicize_connections":[],"jetpack_featured_media_url":"https:\/\/i0.wp.com\/www.svzweckel.de\/wp-content\/uploads\/wp-17100890283587670092596808879255.jpg?fit=2000%2C1125&ssl=1","jetpack_sharing_enabled":true,"_links":{"self":[{"href":"https:\/\/www.svzweckel.de\/index.php?rest_route=\/wp\/v2\/posts\/16561","targetHints":{"allow":["GET"]}}],"collection":[{"href":"https:\/\/www.svzweckel.de\/index.php?rest_route=\/wp\/v2\/posts"}],"about":[{"href":"https:\/\/www.svzweckel.de\/index.php?rest_route=\/wp\/v2\/types\/post"}],"author":[{"embeddable":true,"href":"https:\/\/www.svzweckel.de\/index.php?rest_route=\/wp\/v2\/users\/3"}],"replies":[{"embeddable":true,"href":"https:\/\/www.svzweckel.de\/index.php?rest_route=%2Fwp%2Fv2%2Fcomments&post=16561"}],"version-history":[{"count":0,"href":"https:\/\/www.svzweckel.de\/index.php?rest_route=\/wp\/v2\/posts\/16561\/revisions"}],"wp:featuredmedia":[{"embeddable":true,"href":"https:\/\/www.svzweckel.de\/index.php?rest_route=\/wp\/v2\/media\/16556"}],"wp:attachment":[{"href":"https:\/\/www.svzweckel.de\/index.php?rest_route=%2Fwp%2Fv2%2Fmedia&parent=16561"}],"wp:term":[{"taxonomy":"category","embeddable":true,"href":"https:\/\/www.svzweckel.de\/index.php?rest_route=%2Fwp%2Fv2%2Fcategories&post=16561"},{"taxonomy":"post_tag","embeddable":true,"href":"https:\/\/www.svzweckel.de\/index.php?rest_route=%2Fwp%2Fv2%2Ftags&post=16561"}],"curies":[{"name":"wp","href":"https:\/\/api.w.org\/{rel}","templated":true}]}}