{"id":16599,"date":"2024-03-17T18:09:49","date_gmt":"2024-03-17T17:09:49","guid":{"rendered":"https:\/\/www.svzweckel.de\/?p=16599"},"modified":"2024-03-17T18:09:50","modified_gmt":"2024-03-17T17:09:50","slug":"sieg-im-derby-in-hassel","status":"publish","type":"post","link":"https:\/\/www.svzweckel.de\/?p=16599","title":{"rendered":"Sieg im Derby in Hassel"},"content":{"rendered":"\n<p>SC Hassel &#8211; SV Zweckel 0:3 (0:2)<\/p>\n\n\n\n<p>Der SV Zweckel kann doch noch gewinnen. Mit einer starken spielerischen und k\u00e4mpferischen Leistung behielten die Zweckeler zu Recht die Oberhand am L\u00fcttinghof.<\/p>\n\n\n\n<p>Die ersten Minuten geh\u00f6rten den Hausherren, die in der Anfangszeit mit ihren schnellen Au\u00dfen f\u00fcr viel Unruhe in der Zweckeler Defensive. Nach gut 15 Minuten fingen sich die Zweckler jedoch und spielten fortan aus einer gut organisierten Defensive. <\/p>\n\n\n\n<p>Jan Schwers wurde in der 16. Minute im gegnerischen Strafraum zu Fall gebracht und der Schiedsrichter entschied folgerichtig auf Strafsto\u00df, den Kapit\u00e4n Serkan K\u00f6se sicher zur Zweckeler F\u00fchrung verwandelte (siehe Artikelfoto). In der Folge versuchten die Gastgeber ihr Gl\u00fcck in der Offensive, kamen aber nicht mehr durch die dicht gestaffelte Abwehr zu nennenswerten Chancen. Ganz im Gegenteil, die Zweckeler spielten weiter nach vorne und stellten die Hasseler Abwehr wieder vor Probleme. In der 23. Minute scheiterte Talha Uzan noch am gegnerischen Keeper, kam aber nur zwei Minuten sp\u00e4ter zu einer weiteren Chance und versenkte einen Abpraller zur 0:2 F\u00fchrung, mit der es auch in die Pause ging. <\/p>\n\n\n\n<p>Nach dem Wechsel dr\u00e4ngten die Gastgeber mit Macht auf den Anschlusstreffer, konnten sich jedoch nie entscheidend durchsetzen. Beim Gastgeber schwanden zusehends die Kr\u00e4fte, kamen h\u00e4ufig einen Schritt zu sp\u00e4ter und konnten sich dadurch nur mit Fouls retten. Dadurch verlor das Spiel etwas an Linie und wurde nat\u00fcrlich zerfahrener. Trotzdem waren die Zweckeler einem weiteren Treffer n\u00e4her als die Gastgeber dem Anschlusstreffer. <\/p>\n\n\n\n<p>Nachdem Milad Sahebzada und seine Mitstreiter in aussichtsreicher Position noch mehrfach scheiterten oder die falsche Entscheidung trafen, fiel in der Nachspielzeit das 0:3. Armand Lalo Penka Kouesso rutschte in eine lange Freisto\u00dfflanke und erzielte das verdiente 0:3. <\/p>\n\n\n\n<figure class=\"wp-block-image size-large\"><img data-recalc-dims=\"1\" loading=\"lazy\" decoding=\"async\" width=\"640\" height=\"360\" src=\"https:\/\/i0.wp.com\/www.svzweckel.de\/wp-content\/uploads\/wp-17106936933308697904495035994563.jpg?resize=640%2C360&#038;ssl=1\" alt=\"\" class=\"wp-image-16584\" srcset=\"https:\/\/i0.wp.com\/www.svzweckel.de\/wp-content\/uploads\/wp-17106936933308697904495035994563.jpg?resize=800%2C450&amp;ssl=1 800w, https:\/\/i0.wp.com\/www.svzweckel.de\/wp-content\/uploads\/wp-17106936933308697904495035994563.jpg?resize=300%2C169&amp;ssl=1 300w, https:\/\/i0.wp.com\/www.svzweckel.de\/wp-content\/uploads\/wp-17106936933308697904495035994563.jpg?resize=150%2C84&amp;ssl=1 150w, https:\/\/i0.wp.com\/www.svzweckel.de\/wp-content\/uploads\/wp-17106936933308697904495035994563.jpg?resize=768%2C432&amp;ssl=1 768w, https:\/\/i0.wp.com\/www.svzweckel.de\/wp-content\/uploads\/wp-17106936933308697904495035994563.jpg?resize=1536%2C864&amp;ssl=1 1536w, https:\/\/i0.wp.com\/www.svzweckel.de\/wp-content\/uploads\/wp-17106936933308697904495035994563.jpg?resize=640%2C360&amp;ssl=1 640w, https:\/\/i0.wp.com\/www.svzweckel.de\/wp-content\/uploads\/wp-17106936933308697904495035994563.jpg?resize=100%2C56&amp;ssl=1 100w, https:\/\/i0.wp.com\/www.svzweckel.de\/wp-content\/uploads\/wp-17106936933308697904495035994563.jpg?resize=50%2C28&amp;ssl=1 50w, https:\/\/i0.wp.com\/www.svzweckel.de\/wp-content\/uploads\/wp-17106936933308697904495035994563.jpg?resize=25%2C14&amp;ssl=1 25w, https:\/\/i0.wp.com\/www.svzweckel.de\/wp-content\/uploads\/wp-17106936933308697904495035994563.jpg?resize=569%2C320&amp;ssl=1 569w, https:\/\/i0.wp.com\/www.svzweckel.de\/wp-content\/uploads\/wp-17106936933308697904495035994563.jpg?resize=160%2C90&amp;ssl=1 160w, https:\/\/i0.wp.com\/www.svzweckel.de\/wp-content\/uploads\/wp-17106936933308697904495035994563.jpg?w=2000&amp;ssl=1 2000w, https:\/\/i0.wp.com\/www.svzweckel.de\/wp-content\/uploads\/wp-17106936933308697904495035994563.jpg?w=1280&amp;ssl=1 1280w, https:\/\/i0.wp.com\/www.svzweckel.de\/wp-content\/uploads\/wp-17106936933308697904495035994563.jpg?w=1920&amp;ssl=1 1920w\" sizes=\"auto, (max-width: 640px) 100vw, 640px\" \/><\/figure>\n\n\n\n<p>Endlich hatten sich die Zweckeler mal wieder belohnt und gingen trotz  gro\u00dfer personeller Probleme als Sieger vom Platz. Nach Spielende schwor Trainer Marc Bahl noch einmal seine Mannschaft auf die kommenden Aufgaben ein und stellte dabei heraus, was mit Engagement und Willen zu schaffen sei. <\/p>\n","protected":false},"excerpt":{"rendered":"<p>SC Hassel &#8211; SV Zweckel 0:3 (0:2) Der SV Zweckel kann doch noch gewinnen. Mit einer starken spielerischen und k\u00e4mpferischen Leistung behielten die Zweckeler zu Recht die Oberhand am L\u00fcttinghof. Die ersten Minuten geh\u00f6rten den Hausherren, die in der Anfangszeit mit ihren schnellen Au\u00dfen f\u00fcr viel Unruhe in der Zweckeler Defensive. Nach gut 15 Minuten [&hellip;]<\/p>\n","protected":false},"author":3,"featured_media":16582,"comment_status":"open","ping_status":"closed","sticky":false,"template":"","format":"standard","meta":{"_jetpack_memberships_contains_paid_content":false,"footnotes":"","jetpack_publicize_message":"","jetpack_publicize_feature_enabled":true,"jetpack_social_post_already_shared":false,"jetpack_social_options":{"image_generator_settings":{"template":"highway","default_image_id":0,"font":"","enabled":false},"version":2}},"categories":[2],"tags":[],"class_list":["post-16599","post","type-post","status-publish","format-standard","has-post-thumbnail","hentry","category-1-mannschaft"],"jetpack_publicize_connections":[],"jetpack_featured_media_url":"https:\/\/i0.wp.com\/www.svzweckel.de\/wp-content\/uploads\/wp-17106936837762738374892940579398-e1723019030697.jpg?fit=1340%2C713&ssl=1","jetpack_sharing_enabled":true,"_links":{"self":[{"href":"https:\/\/www.svzweckel.de\/index.php?rest_route=\/wp\/v2\/posts\/16599","targetHints":{"allow":["GET"]}}],"collection":[{"href":"https:\/\/www.svzweckel.de\/index.php?rest_route=\/wp\/v2\/posts"}],"about":[{"href":"https:\/\/www.svzweckel.de\/index.php?rest_route=\/wp\/v2\/types\/post"}],"author":[{"embeddable":true,"href":"https:\/\/www.svzweckel.de\/index.php?rest_route=\/wp\/v2\/users\/3"}],"replies":[{"embeddable":true,"href":"https:\/\/www.svzweckel.de\/index.php?rest_route=%2Fwp%2Fv2%2Fcomments&post=16599"}],"version-history":[{"count":0,"href":"https:\/\/www.svzweckel.de\/index.php?rest_route=\/wp\/v2\/posts\/16599\/revisions"}],"wp:featuredmedia":[{"embeddable":true,"href":"https:\/\/www.svzweckel.de\/index.php?rest_route=\/wp\/v2\/media\/16582"}],"wp:attachment":[{"href":"https:\/\/www.svzweckel.de\/index.php?rest_route=%2Fwp%2Fv2%2Fmedia&parent=16599"}],"wp:term":[{"taxonomy":"category","embeddable":true,"href":"https:\/\/www.svzweckel.de\/index.php?rest_route=%2Fwp%2Fv2%2Fcategories&post=16599"},{"taxonomy":"post_tag","embeddable":true,"href":"https:\/\/www.svzweckel.de\/index.php?rest_route=%2Fwp%2Fv2%2Ftags&post=16599"}],"curies":[{"name":"wp","href":"https:\/\/api.w.org\/{rel}","templated":true}]}}