{"id":16602,"date":"2024-03-18T11:08:34","date_gmt":"2024-03-18T10:08:34","guid":{"rendered":"https:\/\/www.svzweckel.de\/?p=16602"},"modified":"2024-03-18T11:14:23","modified_gmt":"2024-03-18T10:14:23","slug":"heimspiel-gegen-den-tabellendritten","status":"publish","type":"post","link":"https:\/\/www.svzweckel.de\/?p=16602","title":{"rendered":"Heimspiel gegen den Tabellendritten"},"content":{"rendered":"\n<p>24.03.2024, 17:00 Uhr: SV Zweckel &#8211; BV Herne-S\u00fcd<\/p>\n\n\n\n<p>Nach dem Sieg in Hassel wollen die Zweckeler am Sonntag um 17 Uhr gegen BV Herne-S\u00fcd an der Konrad-Adenauer-Allee nachlegen, auch wenn die G\u00e4ste als Aufsteiger mit 35 Punkten immerhin den dritten Tabellenplatz belegen. Am vergangenen Sonntag holten die Herner ein Remis gegen Hessler 06. Nach dreimaliger F\u00fchrung mussten sie noch den Ausgleich zum 4:4 hinnehmen. <\/p>\n\n\n\n<p>Davor gingen die S\u00fcder dreimal als Verlierer vom Platz, wobei zwei Niederlagen gegen den Tabellenersten FC Marl und den -zweiten Horst 08 zustande kamen. Die dritte Niederlage kassierten die Herner gegen die formstarken Resser. <\/p>\n\n\n\n<p>Die Zweckeler zeigten in Hassel eine starke Leistung und gewannen auch in der H\u00f6he verdient in diesem Derby. Mit Kampf, Laufbereitschaft und spielerischem Verm\u00f6gen wurden die Hasseler am L\u00fcttinghof klar bezwungen und der erste Dreier im Jahr 2024 wurde unter Dach und Fach gebracht.<\/p>\n\n\n\n<p>Die personelle Situation der Mannschaft entspannt sich wieder etwas, denn Moritz Heidenreich und Ahmet Cicek stehen nach einer Sperre wieder zur Verf\u00fcgung und m\u00f6glicherweise ist auch Alexander H\u00fcsgen wieder einsatzklar. In Hassel hatten mit Jonas Gerfen und Armand Lalo Penka Kouesso lediglich zwei Spieler aus dem Kader der Ersten auf der Bank Platz genommen. Beide mussten auch in der zweiten Halbzeit eingewechselt werden, da Marcel Heidenreich schon mit gelb vorbelastet war und Yassin Karaca mit einer Verletzung ausgewechselt werden musste.<\/p>\n\n\n\n<p>Erfreulicherweise standen mit David Belz aus der Zweiten und den A-Junioren Nick Kossack und Nazif Nawroz weitere Spieler zur Verf\u00fcgung, von denen Letztgenannter noch zu seinem ersten Kurz-Einsatz in den Senioren des SV Zweckel kam. <\/p>\n\n\n\n<p>Die Tabellensituation in der Bezirksliga 9 ist im Moment recht spannend, denn der SVZ belegt mit 20 Punkten den drittletzten Platz und hat 6 bzw. 7 Punkte Vorsprung auf die SSV Buer II und RWT Herne. <\/p>\n\n\n\n<p>Vor den Zweckelern liegen mit Viktoria Resse, SG Herne 70 und VfB H\u00fcls drei Mannschaften, die 21 Punkte auf der Habenseite haben. Davor rangiert Firtinaspor Herne mit 22 Punkten, die sich in der Winterpause enorm verst\u00e4rkt und in der R\u00fcckrunden 10 von 12 Punkten geholt haben. <\/p>\n\n\n\n<p>Mit einem Sieg w\u00fcrden die Zweckeler den Abstiegsrang sicher verlassen, denn am kommenden Sonntag treffen die unmittelbaren Konkurrenten Viktoria Resse und Firtinaspor Herne aufeinander.<\/p>\n\n\n\n<p><\/p>\n\n\n\n<p><\/p>\n","protected":false},"excerpt":{"rendered":"<p>24.03.2024, 17:00 Uhr: SV Zweckel &#8211; BV Herne-S\u00fcd Nach dem Sieg in Hassel wollen die Zweckeler am Sonntag um 17 Uhr gegen BV Herne-S\u00fcd an der Konrad-Adenauer-Allee nachlegen, auch wenn die G\u00e4ste als Aufsteiger mit 35 Punkten immerhin den dritten Tabellenplatz belegen. Am vergangenen Sonntag holten die Herner ein Remis gegen Hessler 06. Nach dreimaliger [&hellip;]<\/p>\n","protected":false},"author":3,"featured_media":16593,"comment_status":"open","ping_status":"closed","sticky":false,"template":"","format":"standard","meta":{"_jetpack_memberships_contains_paid_content":false,"footnotes":"","jetpack_publicize_message":"","jetpack_publicize_feature_enabled":true,"jetpack_social_post_already_shared":false,"jetpack_social_options":{"image_generator_settings":{"template":"highway","default_image_id":0,"font":"","enabled":false},"version":2}},"categories":[2],"tags":[],"class_list":["post-16602","post","type-post","status-publish","format-standard","has-post-thumbnail","hentry","category-1-mannschaft"],"jetpack_publicize_connections":[],"jetpack_featured_media_url":"https:\/\/i0.wp.com\/www.svzweckel.de\/wp-content\/uploads\/wp-17106936880743828753690381354827.jpg?fit=2000%2C1125&ssl=1","jetpack_sharing_enabled":true,"_links":{"self":[{"href":"https:\/\/www.svzweckel.de\/index.php?rest_route=\/wp\/v2\/posts\/16602","targetHints":{"allow":["GET"]}}],"collection":[{"href":"https:\/\/www.svzweckel.de\/index.php?rest_route=\/wp\/v2\/posts"}],"about":[{"href":"https:\/\/www.svzweckel.de\/index.php?rest_route=\/wp\/v2\/types\/post"}],"author":[{"embeddable":true,"href":"https:\/\/www.svzweckel.de\/index.php?rest_route=\/wp\/v2\/users\/3"}],"replies":[{"embeddable":true,"href":"https:\/\/www.svzweckel.de\/index.php?rest_route=%2Fwp%2Fv2%2Fcomments&post=16602"}],"version-history":[{"count":0,"href":"https:\/\/www.svzweckel.de\/index.php?rest_route=\/wp\/v2\/posts\/16602\/revisions"}],"wp:featuredmedia":[{"embeddable":true,"href":"https:\/\/www.svzweckel.de\/index.php?rest_route=\/wp\/v2\/media\/16593"}],"wp:attachment":[{"href":"https:\/\/www.svzweckel.de\/index.php?rest_route=%2Fwp%2Fv2%2Fmedia&parent=16602"}],"wp:term":[{"taxonomy":"category","embeddable":true,"href":"https:\/\/www.svzweckel.de\/index.php?rest_route=%2Fwp%2Fv2%2Fcategories&post=16602"},{"taxonomy":"post_tag","embeddable":true,"href":"https:\/\/www.svzweckel.de\/index.php?rest_route=%2Fwp%2Fv2%2Ftags&post=16602"}],"curies":[{"name":"wp","href":"https:\/\/api.w.org\/{rel}","templated":true}]}}