{"id":16609,"date":"2024-03-18T22:21:37","date_gmt":"2024-03-18T21:21:37","guid":{"rendered":"https:\/\/www.svzweckel.de\/?p=16609"},"modified":"2024-03-18T22:22:11","modified_gmt":"2024-03-18T21:22:11","slug":"kader-update-saison-2024-25","status":"publish","type":"post","link":"https:\/\/www.svzweckel.de\/?p=16609","title":{"rendered":"Kader-Update Saison 2024\/25!"},"content":{"rendered":"\n<p>Die Planungen f\u00fcr den Kader der kommenden Saison laufen auf Hochtouren.<\/p>\n\n\n\n<p>Einige Gespr\u00e4che liegen bereits hinter den Verantwortlichen und Spielern der ersten Mannschaft.<\/p>\n\n\n\n<p>Zun\u00e4chst einmal freut sich der Veren verk\u00fcnden zu k\u00f6nnen, dass das Trainerteam um Cheftrainer Marc Bahl, Co. Trainer Alex Albert und Torwarttrainer R\u00fcdiger Groschke auch n\u00e4chste Saison beim SV Zwckel in der Verantwortung stehen werden !<\/p>\n\n\n\n<p>Auch die gute Seele der 1. Mannschaft, Waldemar \u201eWaldi\u201c Bahl, wird die Jungs weiterhin betreuen!<\/p>\n\n\n\n<p>Zudem kann der SV Zweckel weiterhin mit einigen St\u00fctzen der Mannschaft planen: <\/p>\n\n\n\n<p>Mit Jan Schwers, Serkan K\u00f6se, Dario Schierenberg, Sebastian Waldner und Marlon Boris haben bereits wichtige Spieler ihre Zusage f\u00fcr die n\u00e4chste Saison gegeben. &nbsp;<\/p>\n\n\n\n<div class=\"wp-block-columns is-layout-flex wp-container-core-columns-is-layout-9d6595d7 wp-block-columns-is-layout-flex\">\n<div class=\"wp-block-column is-layout-flow wp-block-column-is-layout-flow\">\n<div class=\"wp-block-columns is-layout-flex wp-container-core-columns-is-layout-9d6595d7 wp-block-columns-is-layout-flex\">\n<div class=\"wp-block-column is-layout-flow wp-block-column-is-layout-flow\">\n<div class=\"wp-block-columns is-layout-flex wp-container-core-columns-is-layout-9d6595d7 wp-block-columns-is-layout-flex\">\n<div class=\"wp-block-column is-layout-flow wp-block-column-is-layout-flow\">\n<figure class=\"wp-block-image size-large is-resized\"><img data-recalc-dims=\"1\" loading=\"lazy\" decoding=\"async\" width=\"600\" height=\"800\" src=\"https:\/\/i0.wp.com\/www.svzweckel.de\/wp-content\/uploads\/WhatsApp-Bild-2024-03-18-um-16.08.52_4a97bb64-3.jpg?resize=600%2C800&#038;ssl=1\" alt=\"\" class=\"wp-image-16615\" style=\"width:368px;height:auto\" srcset=\"https:\/\/i0.wp.com\/www.svzweckel.de\/wp-content\/uploads\/WhatsApp-Bild-2024-03-18-um-16.08.52_4a97bb64-3.jpg?resize=600%2C800&amp;ssl=1 600w, https:\/\/i0.wp.com\/www.svzweckel.de\/wp-content\/uploads\/WhatsApp-Bild-2024-03-18-um-16.08.52_4a97bb64-3.jpg?resize=225%2C300&amp;ssl=1 225w, https:\/\/i0.wp.com\/www.svzweckel.de\/wp-content\/uploads\/WhatsApp-Bild-2024-03-18-um-16.08.52_4a97bb64-3.jpg?resize=113%2C150&amp;ssl=1 113w, https:\/\/i0.wp.com\/www.svzweckel.de\/wp-content\/uploads\/WhatsApp-Bild-2024-03-18-um-16.08.52_4a97bb64-3.jpg?resize=768%2C1024&amp;ssl=1 768w, https:\/\/i0.wp.com\/www.svzweckel.de\/wp-content\/uploads\/WhatsApp-Bild-2024-03-18-um-16.08.52_4a97bb64-3.jpg?resize=1152%2C1536&amp;ssl=1 1152w, https:\/\/i0.wp.com\/www.svzweckel.de\/wp-content\/uploads\/WhatsApp-Bild-2024-03-18-um-16.08.52_4a97bb64-3.jpg?resize=150%2C200&amp;ssl=1 150w, https:\/\/i0.wp.com\/www.svzweckel.de\/wp-content\/uploads\/WhatsApp-Bild-2024-03-18-um-16.08.52_4a97bb64-3.jpg?resize=75%2C100&amp;ssl=1 75w, https:\/\/i0.wp.com\/www.svzweckel.de\/wp-content\/uploads\/WhatsApp-Bild-2024-03-18-um-16.08.52_4a97bb64-3.jpg?resize=38%2C50&amp;ssl=1 38w, https:\/\/i0.wp.com\/www.svzweckel.de\/wp-content\/uploads\/WhatsApp-Bild-2024-03-18-um-16.08.52_4a97bb64-3.jpg?resize=19%2C25&amp;ssl=1 19w, https:\/\/i0.wp.com\/www.svzweckel.de\/wp-content\/uploads\/WhatsApp-Bild-2024-03-18-um-16.08.52_4a97bb64-3.jpg?resize=240%2C320&amp;ssl=1 240w, https:\/\/i0.wp.com\/www.svzweckel.de\/wp-content\/uploads\/WhatsApp-Bild-2024-03-18-um-16.08.52_4a97bb64-3.jpg?resize=90%2C120&amp;ssl=1 90w, https:\/\/i0.wp.com\/www.svzweckel.de\/wp-content\/uploads\/WhatsApp-Bild-2024-03-18-um-16.08.52_4a97bb64-3.jpg?w=1536&amp;ssl=1 1536w, https:\/\/i0.wp.com\/www.svzweckel.de\/wp-content\/uploads\/WhatsApp-Bild-2024-03-18-um-16.08.52_4a97bb64-3.jpg?w=1280&amp;ssl=1 1280w\" sizes=\"auto, (max-width: 600px) 100vw, 600px\" \/><\/figure>\n<\/div>\n\n\n\n<div class=\"wp-block-column is-layout-flow wp-block-column-is-layout-flow\">\n<figure class=\"wp-block-image size-large is-resized\"><img data-recalc-dims=\"1\" loading=\"lazy\" decoding=\"async\" width=\"600\" height=\"800\" src=\"https:\/\/i0.wp.com\/www.svzweckel.de\/wp-content\/uploads\/WhatsApp-Bild-2024-03-18-um-16.08.51_c24fdcd6.jpg?resize=600%2C800&#038;ssl=1\" alt=\"\" class=\"wp-image-16611\" style=\"width:368px;height:auto\" srcset=\"https:\/\/i0.wp.com\/www.svzweckel.de\/wp-content\/uploads\/WhatsApp-Bild-2024-03-18-um-16.08.51_c24fdcd6.jpg?resize=600%2C800&amp;ssl=1 600w, https:\/\/i0.wp.com\/www.svzweckel.de\/wp-content\/uploads\/WhatsApp-Bild-2024-03-18-um-16.08.51_c24fdcd6.jpg?resize=225%2C300&amp;ssl=1 225w, https:\/\/i0.wp.com\/www.svzweckel.de\/wp-content\/uploads\/WhatsApp-Bild-2024-03-18-um-16.08.51_c24fdcd6.jpg?resize=113%2C150&amp;ssl=1 113w, https:\/\/i0.wp.com\/www.svzweckel.de\/wp-content\/uploads\/WhatsApp-Bild-2024-03-18-um-16.08.51_c24fdcd6.jpg?resize=768%2C1024&amp;ssl=1 768w, https:\/\/i0.wp.com\/www.svzweckel.de\/wp-content\/uploads\/WhatsApp-Bild-2024-03-18-um-16.08.51_c24fdcd6.jpg?resize=1152%2C1536&amp;ssl=1 1152w, https:\/\/i0.wp.com\/www.svzweckel.de\/wp-content\/uploads\/WhatsApp-Bild-2024-03-18-um-16.08.51_c24fdcd6.jpg?resize=150%2C200&amp;ssl=1 150w, https:\/\/i0.wp.com\/www.svzweckel.de\/wp-content\/uploads\/WhatsApp-Bild-2024-03-18-um-16.08.51_c24fdcd6.jpg?resize=75%2C100&amp;ssl=1 75w, https:\/\/i0.wp.com\/www.svzweckel.de\/wp-content\/uploads\/WhatsApp-Bild-2024-03-18-um-16.08.51_c24fdcd6.jpg?resize=38%2C50&amp;ssl=1 38w, https:\/\/i0.wp.com\/www.svzweckel.de\/wp-content\/uploads\/WhatsApp-Bild-2024-03-18-um-16.08.51_c24fdcd6.jpg?resize=19%2C25&amp;ssl=1 19w, https:\/\/i0.wp.com\/www.svzweckel.de\/wp-content\/uploads\/WhatsApp-Bild-2024-03-18-um-16.08.51_c24fdcd6.jpg?resize=240%2C320&amp;ssl=1 240w, https:\/\/i0.wp.com\/www.svzweckel.de\/wp-content\/uploads\/WhatsApp-Bild-2024-03-18-um-16.08.51_c24fdcd6.jpg?resize=90%2C120&amp;ssl=1 90w, https:\/\/i0.wp.com\/www.svzweckel.de\/wp-content\/uploads\/WhatsApp-Bild-2024-03-18-um-16.08.51_c24fdcd6.jpg?w=1536&amp;ssl=1 1536w, https:\/\/i0.wp.com\/www.svzweckel.de\/wp-content\/uploads\/WhatsApp-Bild-2024-03-18-um-16.08.51_c24fdcd6.jpg?w=1280&amp;ssl=1 1280w\" sizes=\"auto, (max-width: 600px) 100vw, 600px\" \/><\/figure>\n<\/div>\n<\/div>\n<\/div>\n<\/div>\n<\/div>\n<\/div>\n\n\n\n<div class=\"wp-block-columns is-layout-flex wp-container-core-columns-is-layout-9d6595d7 wp-block-columns-is-layout-flex\">\n<div class=\"wp-block-column is-layout-flow wp-block-column-is-layout-flow\">\n<figure class=\"wp-block-image size-large is-resized\"><img data-recalc-dims=\"1\" loading=\"lazy\" decoding=\"async\" width=\"533\" height=\"800\" src=\"https:\/\/i0.wp.com\/www.svzweckel.de\/wp-content\/uploads\/Schwers.jpg?resize=533%2C800&#038;ssl=1\" alt=\"\" class=\"wp-image-16618\" style=\"width:370px;height:auto\" srcset=\"https:\/\/i0.wp.com\/www.svzweckel.de\/wp-content\/uploads\/Schwers.jpg?resize=533%2C800&amp;ssl=1 533w, https:\/\/i0.wp.com\/www.svzweckel.de\/wp-content\/uploads\/Schwers.jpg?resize=200%2C300&amp;ssl=1 200w, https:\/\/i0.wp.com\/www.svzweckel.de\/wp-content\/uploads\/Schwers.jpg?resize=100%2C150&amp;ssl=1 100w, https:\/\/i0.wp.com\/www.svzweckel.de\/wp-content\/uploads\/Schwers.jpg?resize=768%2C1152&amp;ssl=1 768w, https:\/\/i0.wp.com\/www.svzweckel.de\/wp-content\/uploads\/Schwers.jpg?resize=150%2C225&amp;ssl=1 150w, https:\/\/i0.wp.com\/www.svzweckel.de\/wp-content\/uploads\/Schwers.jpg?resize=67%2C100&amp;ssl=1 67w, https:\/\/i0.wp.com\/www.svzweckel.de\/wp-content\/uploads\/Schwers.jpg?resize=33%2C50&amp;ssl=1 33w, https:\/\/i0.wp.com\/www.svzweckel.de\/wp-content\/uploads\/Schwers.jpg?resize=17%2C25&amp;ssl=1 17w, https:\/\/i0.wp.com\/www.svzweckel.de\/wp-content\/uploads\/Schwers.jpg?resize=213%2C320&amp;ssl=1 213w, https:\/\/i0.wp.com\/www.svzweckel.de\/wp-content\/uploads\/Schwers.jpg?resize=80%2C120&amp;ssl=1 80w, https:\/\/i0.wp.com\/www.svzweckel.de\/wp-content\/uploads\/Schwers.jpg?w=951&amp;ssl=1 951w\" sizes=\"auto, (max-width: 533px) 100vw, 533px\" \/><\/figure>\n<\/div>\n\n\n\n<div class=\"wp-block-column is-layout-flow wp-block-column-is-layout-flow\">\n<figure class=\"wp-block-image size-large is-resized\"><img data-recalc-dims=\"1\" loading=\"lazy\" decoding=\"async\" width=\"571\" height=\"800\" src=\"https:\/\/i0.wp.com\/www.svzweckel.de\/wp-content\/uploads\/WhatsApp-Bild-2024-03-18-um-16.08.52_dfce9953-e1710796511908-571x800.jpg?resize=571%2C800&#038;ssl=1\" alt=\"\" class=\"wp-image-16616\" style=\"width:399px;height:auto\" srcset=\"https:\/\/i0.wp.com\/www.svzweckel.de\/wp-content\/uploads\/WhatsApp-Bild-2024-03-18-um-16.08.52_dfce9953-e1710796511908.jpg?resize=571%2C800&amp;ssl=1 571w, https:\/\/i0.wp.com\/www.svzweckel.de\/wp-content\/uploads\/WhatsApp-Bild-2024-03-18-um-16.08.52_dfce9953-e1710796511908.jpg?resize=214%2C300&amp;ssl=1 214w, https:\/\/i0.wp.com\/www.svzweckel.de\/wp-content\/uploads\/WhatsApp-Bild-2024-03-18-um-16.08.52_dfce9953-e1710796511908.jpg?resize=107%2C150&amp;ssl=1 107w, https:\/\/i0.wp.com\/www.svzweckel.de\/wp-content\/uploads\/WhatsApp-Bild-2024-03-18-um-16.08.52_dfce9953-e1710796511908.jpg?resize=768%2C1076&amp;ssl=1 768w, https:\/\/i0.wp.com\/www.svzweckel.de\/wp-content\/uploads\/WhatsApp-Bild-2024-03-18-um-16.08.52_dfce9953-e1710796511908.jpg?resize=1096%2C1536&amp;ssl=1 1096w, https:\/\/i0.wp.com\/www.svzweckel.de\/wp-content\/uploads\/WhatsApp-Bild-2024-03-18-um-16.08.52_dfce9953-e1710796511908.jpg?resize=150%2C210&amp;ssl=1 150w, https:\/\/i0.wp.com\/www.svzweckel.de\/wp-content\/uploads\/WhatsApp-Bild-2024-03-18-um-16.08.52_dfce9953-e1710796511908.jpg?resize=71%2C100&amp;ssl=1 71w, https:\/\/i0.wp.com\/www.svzweckel.de\/wp-content\/uploads\/WhatsApp-Bild-2024-03-18-um-16.08.52_dfce9953-e1710796511908.jpg?resize=36%2C50&amp;ssl=1 36w, https:\/\/i0.wp.com\/www.svzweckel.de\/wp-content\/uploads\/WhatsApp-Bild-2024-03-18-um-16.08.52_dfce9953-e1710796511908.jpg?resize=18%2C25&amp;ssl=1 18w, https:\/\/i0.wp.com\/www.svzweckel.de\/wp-content\/uploads\/WhatsApp-Bild-2024-03-18-um-16.08.52_dfce9953-e1710796511908.jpg?resize=228%2C320&amp;ssl=1 228w, https:\/\/i0.wp.com\/www.svzweckel.de\/wp-content\/uploads\/WhatsApp-Bild-2024-03-18-um-16.08.52_dfce9953-e1710796511908.jpg?resize=86%2C120&amp;ssl=1 86w, https:\/\/i0.wp.com\/www.svzweckel.de\/wp-content\/uploads\/WhatsApp-Bild-2024-03-18-um-16.08.52_dfce9953-e1710796511908.jpg?w=1286&amp;ssl=1 1286w\" sizes=\"auto, (max-width: 571px) 100vw, 571px\" \/><\/figure>\n<\/div>\n<\/div>\n\n\n\n<p>Die Verantwortlichen befinden sich weiterhin in sehr guten Gespr\u00e4chen und sind sehr zuversichtlich in den n\u00e4chsten Tagen und Wochen noch viele weitere Verl\u00e4ngerungen sowie interessante Neuzug\u00e4nge bekanntgeben zu k\u00f6nnen und auch n\u00e4chste Saison eine junge, hungrige Mannschaft zu stellen!<\/p>\n","protected":false},"excerpt":{"rendered":"<p>Die Planungen f\u00fcr den Kader der kommenden Saison laufen auf Hochtouren. Einige Gespr\u00e4che liegen bereits hinter den Verantwortlichen und Spielern der ersten Mannschaft. Zun\u00e4chst einmal freut sich der Veren verk\u00fcnden zu k\u00f6nnen, dass das Trainerteam um Cheftrainer Marc Bahl, Co. Trainer Alex Albert und Torwarttrainer R\u00fcdiger Groschke auch n\u00e4chste Saison beim SV Zwckel in der [&hellip;]<\/p>\n","protected":false},"author":3,"featured_media":16584,"comment_status":"open","ping_status":"closed","sticky":false,"template":"","format":"standard","meta":{"_jetpack_memberships_contains_paid_content":false,"footnotes":"","jetpack_publicize_message":"","jetpack_publicize_feature_enabled":true,"jetpack_social_post_already_shared":false,"jetpack_social_options":{"image_generator_settings":{"template":"highway","default_image_id":0,"font":"","enabled":false},"version":2}},"categories":[2],"tags":[],"class_list":["post-16609","post","type-post","status-publish","format-standard","has-post-thumbnail","hentry","category-1-mannschaft"],"jetpack_publicize_connections":[],"jetpack_featured_media_url":"https:\/\/i0.wp.com\/www.svzweckel.de\/wp-content\/uploads\/wp-17106936933308697904495035994563.jpg?fit=2000%2C1125&ssl=1","jetpack_sharing_enabled":true,"_links":{"self":[{"href":"https:\/\/www.svzweckel.de\/index.php?rest_route=\/wp\/v2\/posts\/16609","targetHints":{"allow":["GET"]}}],"collection":[{"href":"https:\/\/www.svzweckel.de\/index.php?rest_route=\/wp\/v2\/posts"}],"about":[{"href":"https:\/\/www.svzweckel.de\/index.php?rest_route=\/wp\/v2\/types\/post"}],"author":[{"embeddable":true,"href":"https:\/\/www.svzweckel.de\/index.php?rest_route=\/wp\/v2\/users\/3"}],"replies":[{"embeddable":true,"href":"https:\/\/www.svzweckel.de\/index.php?rest_route=%2Fwp%2Fv2%2Fcomments&post=16609"}],"version-history":[{"count":0,"href":"https:\/\/www.svzweckel.de\/index.php?rest_route=\/wp\/v2\/posts\/16609\/revisions"}],"wp:featuredmedia":[{"embeddable":true,"href":"https:\/\/www.svzweckel.de\/index.php?rest_route=\/wp\/v2\/media\/16584"}],"wp:attachment":[{"href":"https:\/\/www.svzweckel.de\/index.php?rest_route=%2Fwp%2Fv2%2Fmedia&parent=16609"}],"wp:term":[{"taxonomy":"category","embeddable":true,"href":"https:\/\/www.svzweckel.de\/index.php?rest_route=%2Fwp%2Fv2%2Fcategories&post=16609"},{"taxonomy":"post_tag","embeddable":true,"href":"https:\/\/www.svzweckel.de\/index.php?rest_route=%2Fwp%2Fv2%2Ftags&post=16609"}],"curies":[{"name":"wp","href":"https:\/\/api.w.org\/{rel}","templated":true}]}}