{"id":16643,"date":"2024-03-22T15:05:08","date_gmt":"2024-03-22T14:05:08","guid":{"rendered":"https:\/\/www.svzweckel.de\/?p=16643"},"modified":"2024-04-08T19:17:15","modified_gmt":"2024-04-08T17:17:15","slug":"der-sv-zweckel-trauert-um-seinen-ehrenvorsitzenden-uli-simon","status":"publish","type":"post","link":"https:\/\/www.svzweckel.de\/?p=16643","title":{"rendered":"Der SV Zweckel trauert um seinen Ehrenvorsitzenden Uli Simon"},"content":{"rendered":"\n<p>Mehr als 65 Jahre hielt Uli Simon dem SV Zweckel die Treue und stand dem Vorstand und Verein bis heute als Ehrenvorsitzender mit Rat und Tat zur Seite. In seiner langj\u00e4hrigen Vereinszugeh\u00f6rigkeit bekleidete er so ziemlich alle ehrenamtlichen T\u00e4tigkeiten, die ein Verein zu bieten hat. Vom Jugend- und Seniorentrainer \u00fcber Jugendleiter, Gesch\u00e4ftsf\u00fchrer, Kassierer, Schatzmeister, Vorsitzender und Ehrenvorsitzender lag ihm immer das Wohl des SV Zweckel am Herzen.<\/p>\n\n\n\n<p>Ganz besonders k\u00fcmmerte sich Uli Simon w\u00e4hrend seiner langen Vereinst\u00e4tigkeit immer um \u201eseine Zweckeler Jungs\u201c, die er als Trainer oder Jugendleiter vom Kindesalter bis ins Berufsleben begleitete. In den 70er und 80er Jahren initiierte er den Austausch mit dem 1. German Sportclub Phoenix aus Philadelphia, der seinerzeit dazu f\u00fchrte, dass sich zuerst Jugend- und sp\u00e4ter auch Seniorenteams aus den USA und aus Zweckel gegenseitig besuchten und nat\u00fcrlich auch Fu\u00dfball gegeneinander spielten.<\/p>\n\n\n\n<p>Neben seiner Zeit als Vorstandsmitglied beim SV Zweckel lenkte er auch jahrelang die Geschicke des Gladbecker Fu\u00dfballs als Leiter der Fachschaft im Stadtsportverband. Auf seine Initiative hin wurden erstmals die Hallenstadtmeisterschaften im Fu\u00dfball in Gladbeck ausgetragen.<\/p>\n\n\n\n<p>Ein gro\u00dfes Ziel von Uli Simon war es, die Feierlichkeiten anl\u00e4sslich des 100j\u00e4hrigen Bestehens des SV Zweckel zu erleben. Das war ihm im letzten Jahr verg\u00f6nnt und er nahm regen Anteil an den unterschiedlichen Aktivit\u00e4ten zum Vereinsjubil\u00e4um.<\/p>\n\n\n\n<p>Den Sportplatzneubau an der Dorstener Stra\u00dfe wird er leider nicht mehr erleben k\u00f6nnen, denn es h\u00e4tte auch ihn sehr gefreut, wenn sich der SV Zweckel an der Dorstener Stra\u00dfe weiter entwickeln k\u00f6nnte.<\/p>\n\n\n\n<p>Die schwarz-gr\u00fcne Vereinsfamilie trauert um einen herausragenden Menschen, der immer das Wohl des Vereins und seiner Mitglieder im Blick hatte, als sozialer Mensch stets um Ausgleich bem\u00fcht war und am heutigen Tage leider verstorben ist.<\/p>\n\n\n\n<p>Lieber Uli, ruhe in Frieden!<\/p>\n","protected":false},"excerpt":{"rendered":"<p>Mehr als 65 Jahre hielt Uli Simon dem SV Zweckel die Treue und stand dem Vorstand und Verein bis heute als Ehrenvorsitzender mit Rat und Tat zur Seite. In seiner langj\u00e4hrigen Vereinszugeh\u00f6rigkeit bekleidete er so ziemlich alle ehrenamtlichen T\u00e4tigkeiten, die ein Verein zu bieten hat. Vom Jugend- und Seniorentrainer \u00fcber Jugendleiter, Gesch\u00e4ftsf\u00fchrer, Kassierer, Schatzmeister, Vorsitzender [&hellip;]<\/p>\n","protected":false},"author":3,"featured_media":16647,"comment_status":"open","ping_status":"closed","sticky":false,"template":"","format":"standard","meta":{"_jetpack_memberships_contains_paid_content":false,"footnotes":"","jetpack_publicize_message":"","jetpack_publicize_feature_enabled":true,"jetpack_social_post_already_shared":false,"jetpack_social_options":{"image_generator_settings":{"template":"highway","default_image_id":0,"font":"","enabled":false},"version":2}},"categories":[3],"tags":[],"class_list":["post-16643","post","type-post","status-publish","format-standard","has-post-thumbnail","hentry","category-allgemein"],"jetpack_publicize_connections":[],"jetpack_featured_media_url":"https:\/\/i0.wp.com\/www.svzweckel.de\/wp-content\/uploads\/UliSimon-1.jpg?fit=800%2C533&ssl=1","jetpack_sharing_enabled":true,"_links":{"self":[{"href":"https:\/\/www.svzweckel.de\/index.php?rest_route=\/wp\/v2\/posts\/16643","targetHints":{"allow":["GET"]}}],"collection":[{"href":"https:\/\/www.svzweckel.de\/index.php?rest_route=\/wp\/v2\/posts"}],"about":[{"href":"https:\/\/www.svzweckel.de\/index.php?rest_route=\/wp\/v2\/types\/post"}],"author":[{"embeddable":true,"href":"https:\/\/www.svzweckel.de\/index.php?rest_route=\/wp\/v2\/users\/3"}],"replies":[{"embeddable":true,"href":"https:\/\/www.svzweckel.de\/index.php?rest_route=%2Fwp%2Fv2%2Fcomments&post=16643"}],"version-history":[{"count":1,"href":"https:\/\/www.svzweckel.de\/index.php?rest_route=\/wp\/v2\/posts\/16643\/revisions"}],"predecessor-version":[{"id":16702,"href":"https:\/\/www.svzweckel.de\/index.php?rest_route=\/wp\/v2\/posts\/16643\/revisions\/16702"}],"wp:featuredmedia":[{"embeddable":true,"href":"https:\/\/www.svzweckel.de\/index.php?rest_route=\/wp\/v2\/media\/16647"}],"wp:attachment":[{"href":"https:\/\/www.svzweckel.de\/index.php?rest_route=%2Fwp%2Fv2%2Fmedia&parent=16643"}],"wp:term":[{"taxonomy":"category","embeddable":true,"href":"https:\/\/www.svzweckel.de\/index.php?rest_route=%2Fwp%2Fv2%2Fcategories&post=16643"},{"taxonomy":"post_tag","embeddable":true,"href":"https:\/\/www.svzweckel.de\/index.php?rest_route=%2Fwp%2Fv2%2Ftags&post=16643"}],"curies":[{"name":"wp","href":"https:\/\/api.w.org\/{rel}","templated":true}]}}