{"id":16655,"date":"2024-03-24T12:51:57","date_gmt":"2024-03-24T11:51:57","guid":{"rendered":"https:\/\/www.svzweckel.de\/?p=16655"},"modified":"2024-04-08T19:16:56","modified_gmt":"2024-04-08T17:16:56","slug":"beerdigung-von-uli-simon-am-gruendonnerstag","status":"publish","type":"post","link":"https:\/\/www.svzweckel.de\/?p=16655","title":{"rendered":"Beerdigung von Uli Simon am Gr\u00fcndonnerstag in Rentfort"},"content":{"rendered":"\n<p class=\"has-text-align-left\">Dem SV Zweckel ist eine Traueranzeige mit folgendem Text zugestellt worden:<\/p>\n\n\n\n<p>Die Trauerfeier f\u00fcr unseren lieben Verstorbenen findet am <strong>Donnerstag, dem 28. M\u00e4rz 2024, um 12.30 Uhr <\/strong>in der Kapelle des Friedhofs <strong>Gladbeck-Rentfort <\/strong>statt.<\/p>\n\n\n\n<p>Anschlie\u00dfend erfolgt die Beisetzung.<\/p>\n\n\n\n<p>Im Sinne von Uli bitten wir anstelle zugedachter Blumen und Kr\u00e4nze um einen Spende an die &#8222;Jugendabteilung des SV Zweckel&#8220;, IBAN: DE11424500400005451109, Verwendungszweck: <strong>Ulrich Simon<\/strong>.<\/p>\n\n\n\n<p>Trauerhaus: Volker Henne, Krugstra\u00dfe 5b, 45966 Gladbeck<\/p>\n","protected":false},"excerpt":{"rendered":"<p>Dem SV Zweckel ist eine Traueranzeige mit folgendem Text zugestellt worden: Die Trauerfeier f\u00fcr unseren lieben Verstorbenen findet am Donnerstag, dem 28. M\u00e4rz 2024, um 12.30 Uhr in der Kapelle des Friedhofs Gladbeck-Rentfort statt. Anschlie\u00dfend erfolgt die Beisetzung. Im Sinne von Uli bitten wir anstelle zugedachter Blumen und Kr\u00e4nze um einen Spende an die &#8222;Jugendabteilung [&hellip;]<\/p>\n","protected":false},"author":3,"featured_media":16660,"comment_status":"open","ping_status":"closed","sticky":false,"template":"","format":"standard","meta":{"_jetpack_memberships_contains_paid_content":false,"footnotes":"","jetpack_publicize_message":"","jetpack_publicize_feature_enabled":true,"jetpack_social_post_already_shared":false,"jetpack_social_options":{"image_generator_settings":{"template":"highway","default_image_id":0,"font":"","enabled":false},"version":2}},"categories":[3],"tags":[],"class_list":["post-16655","post","type-post","status-publish","format-standard","has-post-thumbnail","hentry","category-allgemein"],"jetpack_publicize_connections":[],"jetpack_featured_media_url":"https:\/\/i0.wp.com\/www.svzweckel.de\/wp-content\/uploads\/UliSimon-4.jpg?fit=800%2C533&ssl=1","jetpack_sharing_enabled":true,"_links":{"self":[{"href":"https:\/\/www.svzweckel.de\/index.php?rest_route=\/wp\/v2\/posts\/16655","targetHints":{"allow":["GET"]}}],"collection":[{"href":"https:\/\/www.svzweckel.de\/index.php?rest_route=\/wp\/v2\/posts"}],"about":[{"href":"https:\/\/www.svzweckel.de\/index.php?rest_route=\/wp\/v2\/types\/post"}],"author":[{"embeddable":true,"href":"https:\/\/www.svzweckel.de\/index.php?rest_route=\/wp\/v2\/users\/3"}],"replies":[{"embeddable":true,"href":"https:\/\/www.svzweckel.de\/index.php?rest_route=%2Fwp%2Fv2%2Fcomments&post=16655"}],"version-history":[{"count":2,"href":"https:\/\/www.svzweckel.de\/index.php?rest_route=\/wp\/v2\/posts\/16655\/revisions"}],"predecessor-version":[{"id":16693,"href":"https:\/\/www.svzweckel.de\/index.php?rest_route=\/wp\/v2\/posts\/16655\/revisions\/16693"}],"wp:featuredmedia":[{"embeddable":true,"href":"https:\/\/www.svzweckel.de\/index.php?rest_route=\/wp\/v2\/media\/16660"}],"wp:attachment":[{"href":"https:\/\/www.svzweckel.de\/index.php?rest_route=%2Fwp%2Fv2%2Fmedia&parent=16655"}],"wp:term":[{"taxonomy":"category","embeddable":true,"href":"https:\/\/www.svzweckel.de\/index.php?rest_route=%2Fwp%2Fv2%2Fcategories&post=16655"},{"taxonomy":"post_tag","embeddable":true,"href":"https:\/\/www.svzweckel.de\/index.php?rest_route=%2Fwp%2Fv2%2Ftags&post=16655"}],"curies":[{"name":"wp","href":"https:\/\/api.w.org\/{rel}","templated":true}]}}