{"id":16672,"date":"2024-03-24T20:20:46","date_gmt":"2024-03-24T19:20:46","guid":{"rendered":"https:\/\/www.svzweckel.de\/?p=16672"},"modified":"2024-03-24T20:24:29","modified_gmt":"2024-03-24T19:24:29","slug":"der-naechste-sieg","status":"publish","type":"post","link":"https:\/\/www.svzweckel.de\/?p=16672","title":{"rendered":"Der n\u00e4chste Sieg!"},"content":{"rendered":"\n<p>SV Zweckel &#8211; BV Herne-S\u00fcd 3:1 (0:0)<\/p>\n\n\n\n<p>Nach dem letzten Ausw\u00e4rtssieg in Hassel stand am heutigen Sp\u00e4tnachmittag wieder ein &#8222;Heimspiel&#8220; an der Konrad-Adenauer-Allee auf dem Programm.<\/p>\n\n\n\n<p>Vor dem Spiel musste kurzfristig noch Sebastian &#8222;Seppo&#8220; Hagemeister wegen einer Verletzung absagen und Trainer Marc Bahl musste die Hintermannschaft umbauen. Moritz Hagemeister r\u00fcckte nach seiner Sperre f\u00fcr den Kapit\u00e4n in die Innenverteidigung und spielte dort eine souver\u00e4ne Partie. <\/p>\n\n\n\n<p>Mit Spielbeginn \u00fcbernahmen die Platzherren das Kommando und setzten den Tabellendritten immer wieder unter Druck. Leider scheiterten sie immer wieder bei der finalen Entscheidung bzw. dem letzten Pass. Der eigentlich gute Schiedsrichter verlegte zu allem \u00dcberfluss ein Foul an Talha Uzan au\u00dferhalb der Box und gab noch nicht einmal eine gelbe Karte f\u00fcr den \u00dcbelt\u00e4ter, der den Zweckeler St\u00fcrmer dadurch einer klaren Torchance beraubte. <\/p>\n\n\n\n<p>Die G\u00e4ste l\u00f6sten sich nach 20 Minuten mehrfach aus der Umklammerung der Schwarz-Gr\u00fcnen, die am heutigen Spieltag wegen des verstorbenen Ehrenvorsitzenden Uli Simon mit Trauerflor angetreten waren und versuchten mit ihren schnellen und wendigen Offensivspielern immer wieder die Zweckeler Defensive in Verlegenheit zu bringen, doch diese hielt.<\/p>\n\n\n\n<p>So blieb es bei trostlosem regnerischem Wetter beim torlosen Remis zur Halbzeit. <\/p>\n\n\n\n<p>Nach dem Wechsel starteten die Zweckeler wieder besser in die Partie als die G\u00e4ste und erarbeiteten sich einige gute Torchancen. Talha Uzan scheiterte am gegnerischen Torh\u00fcter, nachdem er alleine auf diesen zugelaufen war. Die anschlie\u00dfende Ecke f\u00fchrte jedoch zum 1:0 f\u00fcr den SV Zweckel durch Enes Aldirmaz, der per Kopf zur vielumjubelten F\u00fchrung traf.<\/p>\n\n\n\n<p>Wie im Spiel gegen die SSV Buer hielt die F\u00fchrung jedoch nicht lange, denn bereits nach sieben Minuten glichen die G\u00e4ste nach einem Eckball aus.<\/p>\n\n\n\n<p>Aber diesmal schlugen die Zweckeler direkt zur\u00fcck. Talha Uzan setzte sich auf der linken Seite durch und seine Flanke versenkte Jan Schwers zur F\u00fchrung f\u00fcr den SV Zweckel. <\/p>\n\n\n\n<p>Danach dr\u00fcckten die G\u00e4ste heftig auf den Ausgleich und scheiterten an Dario Schierenberg oder verfehlten das gegnerische Tor. W\u00e4hrend einer Zeit von ca. 10-15 Minuten spielten die Zweckeler etwas kopflos und waren nicht mehr eng genug an den Gegenspielern dran. Au\u00dferdem waren die Abst\u00e4nde im Mittelfeld wieder etwas zu gro\u00df geworden. <\/p>\n\n\n\n<p>Doch in der Schlussphase b\u00fcndelten die Zweckeler noch einmal alle Kr\u00e4fte und fuhren einen vielversprechenden Konter nach dem anderen. Einer dieser Angriffe f\u00fchrte in der 89. Minute abermals durch Jan Schwers zum vorentscheidenden 3:1.<\/p>\n\n\n\n<p>Praktisch mit dem Schlusspfiff erhielt Serkan K\u00f6se noch seine f\u00fcnfte gelbe Karte, mit welcher er im n\u00e4chsten Ausw\u00e4rtsspiel in H\u00fcls gesperrt ist. <\/p>\n\n\n\n<p>Danach war nur noch Jubel, denn mit diesem Sieg haben die Zweckeler vorerst die Abstiegsr\u00e4nge verlassen und haben sich eine Zwei-Punkte-Polster vor SG Herne 70 und Viktoria Resse erarbeitet und haben zus\u00e4tzlich noch ein Spiel weniger ausgetragen. <\/p>\n\n\n\n<p><\/p>\n\n\n\n<p><\/p>\n\n\n\n<p><\/p>\n","protected":false},"excerpt":{"rendered":"<p>SV Zweckel &#8211; BV Herne-S\u00fcd 3:1 (0:0) Nach dem letzten Ausw\u00e4rtssieg in Hassel stand am heutigen Sp\u00e4tnachmittag wieder ein &#8222;Heimspiel&#8220; an der Konrad-Adenauer-Allee auf dem Programm. Vor dem Spiel musste kurzfristig noch Sebastian &#8222;Seppo&#8220; Hagemeister wegen einer Verletzung absagen und Trainer Marc Bahl musste die Hintermannschaft umbauen. Moritz Hagemeister r\u00fcckte nach seiner Sperre f\u00fcr den [&hellip;]<\/p>\n","protected":false},"author":3,"featured_media":16663,"comment_status":"open","ping_status":"closed","sticky":false,"template":"","format":"standard","meta":{"_jetpack_memberships_contains_paid_content":false,"footnotes":"","jetpack_publicize_message":"","jetpack_publicize_feature_enabled":true,"jetpack_social_post_already_shared":false,"jetpack_social_options":{"image_generator_settings":{"template":"highway","default_image_id":0,"font":"","enabled":false},"version":2}},"categories":[2],"tags":[],"class_list":["post-16672","post","type-post","status-publish","format-standard","has-post-thumbnail","hentry","category-1-mannschaft"],"jetpack_publicize_connections":[],"jetpack_featured_media_url":"https:\/\/i0.wp.com\/www.svzweckel.de\/wp-content\/uploads\/wp-17113053060057953815453772905552.jpg?fit=2000%2C1125&ssl=1","jetpack_sharing_enabled":true,"_links":{"self":[{"href":"https:\/\/www.svzweckel.de\/index.php?rest_route=\/wp\/v2\/posts\/16672","targetHints":{"allow":["GET"]}}],"collection":[{"href":"https:\/\/www.svzweckel.de\/index.php?rest_route=\/wp\/v2\/posts"}],"about":[{"href":"https:\/\/www.svzweckel.de\/index.php?rest_route=\/wp\/v2\/types\/post"}],"author":[{"embeddable":true,"href":"https:\/\/www.svzweckel.de\/index.php?rest_route=\/wp\/v2\/users\/3"}],"replies":[{"embeddable":true,"href":"https:\/\/www.svzweckel.de\/index.php?rest_route=%2Fwp%2Fv2%2Fcomments&post=16672"}],"version-history":[{"count":0,"href":"https:\/\/www.svzweckel.de\/index.php?rest_route=\/wp\/v2\/posts\/16672\/revisions"}],"wp:featuredmedia":[{"embeddable":true,"href":"https:\/\/www.svzweckel.de\/index.php?rest_route=\/wp\/v2\/media\/16663"}],"wp:attachment":[{"href":"https:\/\/www.svzweckel.de\/index.php?rest_route=%2Fwp%2Fv2%2Fmedia&parent=16672"}],"wp:term":[{"taxonomy":"category","embeddable":true,"href":"https:\/\/www.svzweckel.de\/index.php?rest_route=%2Fwp%2Fv2%2Fcategories&post=16672"},{"taxonomy":"post_tag","embeddable":true,"href":"https:\/\/www.svzweckel.de\/index.php?rest_route=%2Fwp%2Fv2%2Ftags&post=16672"}],"curies":[{"name":"wp","href":"https:\/\/api.w.org\/{rel}","templated":true}]}}