{"id":16677,"date":"2024-04-01T17:46:28","date_gmt":"2024-04-01T15:46:28","guid":{"rendered":"https:\/\/www.svzweckel.de\/?p=16677"},"modified":"2024-04-01T17:46:30","modified_gmt":"2024-04-01T15:46:30","slug":"serie-in-huels-fortsetzen","status":"publish","type":"post","link":"https:\/\/www.svzweckel.de\/?p=16677","title":{"rendered":"Serie in H\u00fcls fortsetzen"},"content":{"rendered":"\n<p>07.04.2024, 15:00 Uhr: VfB H\u00fcls &#8211; SV Zweckel<\/p>\n\n\n\n<p>Nach den zwei Siegen in Hassel und gegen den BV Herne-S\u00fcd haben sich die Zweckeler etwas Luft im Abstiegskampf verschafft. Das Auftreten der Mannschaft in den letzten Wochen l\u00e4sst doch hoffen, dass das Abstiegsgespenst in den n\u00e4chsten Spielen weiter vertrieben werden kann.<\/p>\n\n\n\n<p>Mit einem Sieg in H\u00fcls, k\u00f6nnten die Zweckeler weiter in der Tabelle steigen und lie\u00dfen dabei auch einen weiteren Mitkonkurrenten hinter sich. Der VfB H\u00fcls hat Dank eines Sieges in Hessler am vergangenen Spieltag einen Punkt mehr auf der Habenseite als die Schwarz-Gr\u00fcnen und k\u00e4mpft unerwarteterweise auch noch gegen den Abstieg. <\/p>\n\n\n\n<p>Der VfB H\u00fcls hat mit 29:29 Toren im Vergleich zum SV Zweckel ein ausgeglichenes Torverh\u00e4ltnis vorzuweisen, welche mit 30:39 Toren noch im Hintertreffen liegen. Die Zweckeler haben allerdings noch ein Spiel mehr auszutragen als der Gegner.<\/p>\n\n\n\n<p>Ziel muss es sein, am Badweiher in H\u00fcls etwas Z\u00e4hlbares nach Zweckel mitzubringen, um den Abstand nach vorne zu halten und nach hinten zu vergr\u00f6\u00dfern. In den n\u00e4chsten Wochen spielen alle Abstiegskandidaten noch gegeneinander. Das gilt auch f\u00fcr den SV Zweckel, der in den n\u00e4chsten Spielen gegen H\u00fcls, RWT Herne, Firtinaspor, Herne 70 und Viktoria Resse antreten muss. Fraglich ist jedoch, ob Firtinaspor bis zu diesem Spieltag \u00fcberhaupt noch im Abstiegskamp steckt, denn mittlerweile hat die im Winter verst\u00e4rkte Mannschaft aus den letzten f\u00fcnf Spielen 13 Punkte geholt. <\/p>\n\n\n\n<p>In H\u00fcls muss der SV Zweckel auf seinen Mittelfeldstrategen Serkan K\u00f6se verzichten, der im Spiel gegen Herne-S\u00fcd seine f\u00fcnfte gelbe Karte erhalten hat. <\/p>\n","protected":false},"excerpt":{"rendered":"<p>07.04.2024, 15:00 Uhr: VfB H\u00fcls &#8211; SV Zweckel Nach den zwei Siegen in Hassel und gegen den BV Herne-S\u00fcd haben sich die Zweckeler etwas Luft im Abstiegskampf verschafft. Das Auftreten der Mannschaft in den letzten Wochen l\u00e4sst doch hoffen, dass das Abstiegsgespenst in den n\u00e4chsten Spielen weiter vertrieben werden kann. Mit einem Sieg in H\u00fcls, [&hellip;]<\/p>\n","protected":false},"author":3,"featured_media":16670,"comment_status":"open","ping_status":"closed","sticky":false,"template":"","format":"standard","meta":{"_jetpack_memberships_contains_paid_content":false,"footnotes":"","jetpack_publicize_message":"","jetpack_publicize_feature_enabled":true,"jetpack_social_post_already_shared":false,"jetpack_social_options":{"image_generator_settings":{"template":"highway","default_image_id":0,"font":"","enabled":false},"version":2}},"categories":[2],"tags":[],"class_list":["post-16677","post","type-post","status-publish","format-standard","has-post-thumbnail","hentry","category-1-mannschaft"],"jetpack_publicize_connections":[],"jetpack_featured_media_url":"https:\/\/i0.wp.com\/www.svzweckel.de\/wp-content\/uploads\/wp-17113053077426892254468412115568.jpg?fit=2000%2C1125&ssl=1","jetpack_sharing_enabled":true,"_links":{"self":[{"href":"https:\/\/www.svzweckel.de\/index.php?rest_route=\/wp\/v2\/posts\/16677","targetHints":{"allow":["GET"]}}],"collection":[{"href":"https:\/\/www.svzweckel.de\/index.php?rest_route=\/wp\/v2\/posts"}],"about":[{"href":"https:\/\/www.svzweckel.de\/index.php?rest_route=\/wp\/v2\/types\/post"}],"author":[{"embeddable":true,"href":"https:\/\/www.svzweckel.de\/index.php?rest_route=\/wp\/v2\/users\/3"}],"replies":[{"embeddable":true,"href":"https:\/\/www.svzweckel.de\/index.php?rest_route=%2Fwp%2Fv2%2Fcomments&post=16677"}],"version-history":[{"count":1,"href":"https:\/\/www.svzweckel.de\/index.php?rest_route=\/wp\/v2\/posts\/16677\/revisions"}],"predecessor-version":[{"id":16695,"href":"https:\/\/www.svzweckel.de\/index.php?rest_route=\/wp\/v2\/posts\/16677\/revisions\/16695"}],"wp:featuredmedia":[{"embeddable":true,"href":"https:\/\/www.svzweckel.de\/index.php?rest_route=\/wp\/v2\/media\/16670"}],"wp:attachment":[{"href":"https:\/\/www.svzweckel.de\/index.php?rest_route=%2Fwp%2Fv2%2Fmedia&parent=16677"}],"wp:term":[{"taxonomy":"category","embeddable":true,"href":"https:\/\/www.svzweckel.de\/index.php?rest_route=%2Fwp%2Fv2%2Fcategories&post=16677"},{"taxonomy":"post_tag","embeddable":true,"href":"https:\/\/www.svzweckel.de\/index.php?rest_route=%2Fwp%2Fv2%2Ftags&post=16677"}],"curies":[{"name":"wp","href":"https:\/\/api.w.org\/{rel}","templated":true}]}}