{"id":16680,"date":"2024-03-26T11:48:42","date_gmt":"2024-03-26T10:48:42","guid":{"rendered":"https:\/\/www.svzweckel.de\/?p=16680"},"modified":"2024-03-26T11:49:15","modified_gmt":"2024-03-26T10:49:15","slug":"weitere-kaderverpflichtungen-fuer-die-neue-saison","status":"publish","type":"post","link":"https:\/\/www.svzweckel.de\/?p=16680","title":{"rendered":"Weitere Kaderverpflichtungen f\u00fcr die neue Saison"},"content":{"rendered":"\n<p>Timon Reschke arbeitet mit Trainer Marc Bahl am Kader des SV Zweckel f\u00fcr die Saison 2024\/25. Mit Mohammad Milad Sahebzada, Ismail Talha Uzan, Tristan Oben-Stintenberg und Tolga Koca hat der Verein eine Einigung f\u00fcr die neue Saison erzielt und somit schon 9 Spieler der aktuellen Mannschaft f\u00fcr eine weitere Saison auf der neuen Sportanlage an der Dorstener Stra\u00dfe verpflichtet.<\/p>\n\n\n\n<p>\u00dcber diese &#8222;Altgedienten&#8220; hinaus hat der 2. Vorsitzende und sportliche Leiter drei ehemalige Zweckeler Talente von Horst 08, SSV Buer und vom BV Rentfort an die Dorstener Stra\u00dfe lotsen k\u00f6nnen. <\/p>\n\n\n\n<p>Mit Lukas Bergmann, der aktuell im Mittelfeld der Landesligamannschaft der Bueraner A-Junioren am Ball ist, Leon Heckmann, der als Au\u00dfenverteidiger in Horst aktiv ist und Paul Vogt, der beim BV Rentfort ebenfalls im Mittelfeld spielt, konnte Timon Reschke drei junge Fu\u00dfballer verpflichten, die eine Zweckeler Vergangenheit haben und behutsam an den Seniorenfu\u00dfball herangef\u00fchrt werden sollen.<\/p>\n\n\n\n<p>In der neuen Saison wird auch Malte Kulmer nach zwei Auslandssemestern in Skandinavien wieder zur Mannschaft hinzusto\u00dfen und mit gerade 20 Jahren den Altersschnitt der Mannschaft weiter senken. <\/p>\n\n\n\n<p>Mit 13 Zusagen ist der sportliche Leiter auf einem guten Weg, die angestrebte Kadergr\u00f6\u00dfe zu erreichen, denn es haben schon weitere Gespr\u00e4che stattgefunden bzw. werden noch stattfinden, so dass in den n\u00e4chsten Tagen m\u00f6glicherweise weitere Verpflichtungen bekanntgegeben werden k\u00f6nnen. <\/p>\n\n\n\n<p><\/p>\n\n\n\n<p><\/p>\n","protected":false},"excerpt":{"rendered":"<p>Timon Reschke arbeitet mit Trainer Marc Bahl am Kader des SV Zweckel f\u00fcr die Saison 2024\/25. Mit Mohammad Milad Sahebzada, Ismail Talha Uzan, Tristan Oben-Stintenberg und Tolga Koca hat der Verein eine Einigung f\u00fcr die neue Saison erzielt und somit schon 9 Spieler der aktuellen Mannschaft f\u00fcr eine weitere Saison auf der neuen Sportanlage an [&hellip;]<\/p>\n","protected":false},"author":3,"featured_media":13729,"comment_status":"open","ping_status":"closed","sticky":false,"template":"","format":"standard","meta":{"_jetpack_memberships_contains_paid_content":false,"footnotes":"","jetpack_publicize_message":"","jetpack_publicize_feature_enabled":true,"jetpack_social_post_already_shared":false,"jetpack_social_options":{"image_generator_settings":{"template":"highway","default_image_id":0,"font":"","enabled":false},"version":2}},"categories":[3],"tags":[],"class_list":["post-16680","post","type-post","status-publish","format-standard","has-post-thumbnail","hentry","category-allgemein"],"jetpack_publicize_connections":[],"jetpack_featured_media_url":"https:\/\/i0.wp.com\/www.svzweckel.de\/wp-content\/uploads\/2021\/06\/DSC04749.jpg?fit=800%2C450&ssl=1","jetpack_sharing_enabled":true,"_links":{"self":[{"href":"https:\/\/www.svzweckel.de\/index.php?rest_route=\/wp\/v2\/posts\/16680","targetHints":{"allow":["GET"]}}],"collection":[{"href":"https:\/\/www.svzweckel.de\/index.php?rest_route=\/wp\/v2\/posts"}],"about":[{"href":"https:\/\/www.svzweckel.de\/index.php?rest_route=\/wp\/v2\/types\/post"}],"author":[{"embeddable":true,"href":"https:\/\/www.svzweckel.de\/index.php?rest_route=\/wp\/v2\/users\/3"}],"replies":[{"embeddable":true,"href":"https:\/\/www.svzweckel.de\/index.php?rest_route=%2Fwp%2Fv2%2Fcomments&post=16680"}],"version-history":[{"count":0,"href":"https:\/\/www.svzweckel.de\/index.php?rest_route=\/wp\/v2\/posts\/16680\/revisions"}],"wp:featuredmedia":[{"embeddable":true,"href":"https:\/\/www.svzweckel.de\/index.php?rest_route=\/wp\/v2\/media\/13729"}],"wp:attachment":[{"href":"https:\/\/www.svzweckel.de\/index.php?rest_route=%2Fwp%2Fv2%2Fmedia&parent=16680"}],"wp:term":[{"taxonomy":"category","embeddable":true,"href":"https:\/\/www.svzweckel.de\/index.php?rest_route=%2Fwp%2Fv2%2Fcategories&post=16680"},{"taxonomy":"post_tag","embeddable":true,"href":"https:\/\/www.svzweckel.de\/index.php?rest_route=%2Fwp%2Fv2%2Ftags&post=16680"}],"curies":[{"name":"wp","href":"https:\/\/api.w.org\/{rel}","templated":true}]}}