{"id":16684,"date":"2024-03-26T14:22:42","date_gmt":"2024-03-26T13:22:42","guid":{"rendered":"https:\/\/www.svzweckel.de\/?p=16684"},"modified":"2024-03-26T14:23:24","modified_gmt":"2024-03-26T13:23:24","slug":"osterfest-am-karsamstag-ab-17-uhr","status":"publish","type":"post","link":"https:\/\/www.svzweckel.de\/?p=16684","title":{"rendered":"Osterfest am Karsamstag ab 17 Uhr"},"content":{"rendered":"\n<p>Auf Grund des Umbaus der Sportanlage an der Dorstener muss in diesem Jahr leider das Osterfeuer ausfallen. Trotzdem m\u00f6chte sich die Vereinsfamilie am Samstag ab 17:00 Uhr treffen und bei Gegrilltem und k\u00fchlen Getr\u00e4nken das anstehende Osterfest einl\u00e4uten. Feuerk\u00f6rbe werden abends zu einem gem\u00fctlichen Ambiente auf der Platzanlage beitragen. <\/p>\n","protected":false},"excerpt":{"rendered":"<p>Auf Grund des Umbaus der Sportanlage an der Dorstener muss in diesem Jahr leider das Osterfeuer ausfallen. Trotzdem m\u00f6chte sich die Vereinsfamilie am Samstag ab 17:00 Uhr treffen und bei Gegrilltem und k\u00fchlen Getr\u00e4nken das anstehende Osterfest einl\u00e4uten. Feuerk\u00f6rbe werden abends zu einem gem\u00fctlichen Ambiente auf der Platzanlage beitragen.<\/p>\n","protected":false},"author":3,"featured_media":4635,"comment_status":"open","ping_status":"closed","sticky":false,"template":"","format":"standard","meta":{"_jetpack_memberships_contains_paid_content":false,"footnotes":"","jetpack_publicize_message":"","jetpack_publicize_feature_enabled":true,"jetpack_social_post_already_shared":false,"jetpack_social_options":{"image_generator_settings":{"template":"highway","default_image_id":0,"font":"","enabled":false},"version":2}},"categories":[3],"tags":[],"class_list":["post-16684","post","type-post","status-publish","format-standard","has-post-thumbnail","hentry","category-allgemein"],"jetpack_publicize_connections":[],"jetpack_featured_media_url":"https:\/\/i0.wp.com\/www.svzweckel.de\/wp-content\/uploads\/2016\/03\/Osterfeuer.jpg?fit=1024%2C388&ssl=1","jetpack_sharing_enabled":true,"_links":{"self":[{"href":"https:\/\/www.svzweckel.de\/index.php?rest_route=\/wp\/v2\/posts\/16684","targetHints":{"allow":["GET"]}}],"collection":[{"href":"https:\/\/www.svzweckel.de\/index.php?rest_route=\/wp\/v2\/posts"}],"about":[{"href":"https:\/\/www.svzweckel.de\/index.php?rest_route=\/wp\/v2\/types\/post"}],"author":[{"embeddable":true,"href":"https:\/\/www.svzweckel.de\/index.php?rest_route=\/wp\/v2\/users\/3"}],"replies":[{"embeddable":true,"href":"https:\/\/www.svzweckel.de\/index.php?rest_route=%2Fwp%2Fv2%2Fcomments&post=16684"}],"version-history":[{"count":0,"href":"https:\/\/www.svzweckel.de\/index.php?rest_route=\/wp\/v2\/posts\/16684\/revisions"}],"wp:featuredmedia":[{"embeddable":true,"href":"https:\/\/www.svzweckel.de\/index.php?rest_route=\/wp\/v2\/media\/4635"}],"wp:attachment":[{"href":"https:\/\/www.svzweckel.de\/index.php?rest_route=%2Fwp%2Fv2%2Fmedia&parent=16684"}],"wp:term":[{"taxonomy":"category","embeddable":true,"href":"https:\/\/www.svzweckel.de\/index.php?rest_route=%2Fwp%2Fv2%2Fcategories&post=16684"},{"taxonomy":"post_tag","embeddable":true,"href":"https:\/\/www.svzweckel.de\/index.php?rest_route=%2Fwp%2Fv2%2Ftags&post=16684"}],"curies":[{"name":"wp","href":"https:\/\/api.w.org\/{rel}","templated":true}]}}