{"id":16699,"date":"2024-04-07T19:36:58","date_gmt":"2024-04-07T17:36:58","guid":{"rendered":"https:\/\/www.svzweckel.de\/?p=16699"},"modified":"2024-04-07T19:37:12","modified_gmt":"2024-04-07T17:37:12","slug":"die-serie-haelt","status":"publish","type":"post","link":"https:\/\/www.svzweckel.de\/?p=16699","title":{"rendered":"Die Serie h\u00e4lt!"},"content":{"rendered":"\n<p>VfB H\u00fcls &#8211; SV Zweckel 1:1 (0:0)<\/p>\n\n\n\n<p>Auch im f\u00fcnften Spiel in Folge ist der SV Zweckel ungeschlagen und hat beim VfB H\u00fcls einen mehr als verdienten Punkt geholt. <\/p>\n\n\n\n<p>In der ersten Halbzeit versuchten die Gasteber immer wieder, den SV Zweckel unter Druck zu setzen. Das gelang ihnen jedoch nur selten, da die Abwehr um den gewohnt starken Torh\u00fcter Dario Schierenberg sicher stand und nur wenige Chancen zulie\u00dfen. Die Zweckeler hatten allerdings auch ihre Torchancen, allerdings agierten vor dem Tor jedoch noch zu umst\u00e4ndlich.<\/p>\n\n\n\n<p>Nach der Pause zeigten die G\u00e4ste ein offensiveres Gesicht. Bereits in der 46. Minute spielte Jan Schwers Milad Sahebzada \u00fcberragend frei, der das Kunstst\u00fcck fertigbrachte den Ball aus gut 5 Metern neben dem freien Tor unterzubringen. Das h\u00e4tte das 0:1 sein m\u00fcssen. <\/p>\n\n\n\n<p>Im direkten Gegenzug nahm Philip Potratz einen Ball direkt und traf mit seinem Schuss die Unterkante der Latte. Von dort prallte der Ball vermutlich hinter die Torlinie und danach wieder in das Spielfeld zur\u00fcck, wo der ehemalige Zweckeler Justin Andjelkovic den Ball wiederum \u00fcber die Linie dr\u00fcckte. <\/p>\n\n\n\n<p>Pl\u00f6tzlich lagen die Zweckeler im R\u00fcckstand, sch\u00fcttelten sich kurz und suchten anschlie\u00dfend ihr Heil in der Offensive. Immer wieder stellten die Zweckeler den Gastgeber vor Probleme, insbesondere dann, wenn sie mit Geschwindigkeit \u00fcber Tahlha Uzan, Jan Schwers oder Sebastian Waldner nach vorne kamen.<\/p>\n\n\n\n<p>In der 65. Minute flankte Milad Sahebzada auf Jan Schwers, der den Ball zum 1:1 eink\u00f6pfte. In der Folge waren die Zweckeler dem Sieg n\u00e4her als die H\u00fclser, zahlreiche Chancen der Schwarz-Gr\u00fcnen konnten  jedoch nicht verwertet werden. <\/p>\n\n\n\n<p>Dario Schierenberg konnte sich auf der anderen Seite noch zweimal auszeichnen und hielt den Punkt f\u00fcr die Zweckeler fest.  Hiermit konnte der Gast gut leben, wenn auch unten stehenden Konkurrenten Resse und Buer jeweils drei Punkte einfahren konnten. <\/p>\n\n\n\n<p>Im n\u00e4chsten Spiel wartet der BV Rentfort auf die Zweckeler, der auch nur noch 4 Punkt besser als der SV Zweckel platziert ist. <\/p>\n","protected":false},"excerpt":{"rendered":"<p>VfB H\u00fcls &#8211; SV Zweckel 1:1 (0:0) Auch im f\u00fcnften Spiel in Folge ist der SV Zweckel ungeschlagen und hat beim VfB H\u00fcls einen mehr als verdienten Punkt geholt. In der ersten Halbzeit versuchten die Gasteber immer wieder, den SV Zweckel unter Druck zu setzen. Das gelang ihnen jedoch nur selten, da die Abwehr um [&hellip;]<\/p>\n","protected":false},"author":3,"featured_media":16698,"comment_status":"open","ping_status":"closed","sticky":false,"template":"","format":"standard","meta":{"_jetpack_memberships_contains_paid_content":false,"footnotes":"","jetpack_publicize_message":"","jetpack_publicize_feature_enabled":true,"jetpack_social_post_already_shared":false,"jetpack_social_options":{"image_generator_settings":{"template":"highway","default_image_id":0,"font":"","enabled":false},"version":2}},"categories":[2],"tags":[],"class_list":["post-16699","post","type-post","status-publish","format-standard","has-post-thumbnail","hentry","category-1-mannschaft"],"jetpack_publicize_connections":[],"jetpack_featured_media_url":"https:\/\/i0.wp.com\/www.svzweckel.de\/wp-content\/uploads\/wp-17125089655176930310433937605944.jpg?fit=2000%2C1125&ssl=1","jetpack_sharing_enabled":true,"_links":{"self":[{"href":"https:\/\/www.svzweckel.de\/index.php?rest_route=\/wp\/v2\/posts\/16699","targetHints":{"allow":["GET"]}}],"collection":[{"href":"https:\/\/www.svzweckel.de\/index.php?rest_route=\/wp\/v2\/posts"}],"about":[{"href":"https:\/\/www.svzweckel.de\/index.php?rest_route=\/wp\/v2\/types\/post"}],"author":[{"embeddable":true,"href":"https:\/\/www.svzweckel.de\/index.php?rest_route=\/wp\/v2\/users\/3"}],"replies":[{"embeddable":true,"href":"https:\/\/www.svzweckel.de\/index.php?rest_route=%2Fwp%2Fv2%2Fcomments&post=16699"}],"version-history":[{"count":2,"href":"https:\/\/www.svzweckel.de\/index.php?rest_route=\/wp\/v2\/posts\/16699\/revisions"}],"predecessor-version":[{"id":16701,"href":"https:\/\/www.svzweckel.de\/index.php?rest_route=\/wp\/v2\/posts\/16699\/revisions\/16701"}],"wp:featuredmedia":[{"embeddable":true,"href":"https:\/\/www.svzweckel.de\/index.php?rest_route=\/wp\/v2\/media\/16698"}],"wp:attachment":[{"href":"https:\/\/www.svzweckel.de\/index.php?rest_route=%2Fwp%2Fv2%2Fmedia&parent=16699"}],"wp:term":[{"taxonomy":"category","embeddable":true,"href":"https:\/\/www.svzweckel.de\/index.php?rest_route=%2Fwp%2Fv2%2Fcategories&post=16699"},{"taxonomy":"post_tag","embeddable":true,"href":"https:\/\/www.svzweckel.de\/index.php?rest_route=%2Fwp%2Fv2%2Ftags&post=16699"}],"curies":[{"name":"wp","href":"https:\/\/api.w.org\/{rel}","templated":true}]}}