{"id":16707,"date":"2024-04-08T20:59:24","date_gmt":"2024-04-08T18:59:24","guid":{"rendered":"https:\/\/www.svzweckel.de\/?p=16707"},"modified":"2024-04-08T20:59:25","modified_gmt":"2024-04-08T18:59:25","slug":"derby-in-rentfort-2","status":"publish","type":"post","link":"https:\/\/www.svzweckel.de\/?p=16707","title":{"rendered":"Derby in Rentfort"},"content":{"rendered":"\n<p>Sonntag, 14.04.24, 15:00 Uhr: BV Rentfort &#8211; SV Zweckel<\/p>\n\n\n\n<p>Nach dem Punktgewinn in H\u00fcls steht am kommenden Sonntag das Derby in Rentfort an. Der Gastgeber hat derzeit noch vier Punkte Vorsprung auf den SV Zweckel. Das soll sich nach den Vorstellungen der Schwarz-Gr\u00fcnen allerdings am Sonntag \u00e4ndern, denn sie werden in Rentfort auf Sieg spielen. <\/p>\n\n\n\n<p>Nach zuletzt f\u00fcnf Spielen ohne Niederlage k\u00f6nnen die Zweckeler mit breiter Brust zur Hegestra\u00dfe fahren, zumal die Rentforter die letzten drei Spiele verloren haben. Mit gro\u00dfer Wahrscheinlichkeit werden die Gastgeber alles daran setzen die Punkte zu Hause zu behalten, da ihnen anderenfalls droht, dass sie sich nach unten orientieren m\u00fcssen und m\u00f6glicherweise auch noch in den Abstiegsstrudel geraten k\u00f6nnen. <\/p>\n\n\n\n<p>Am Sonntag steht der Mittelfeldstratege Serkan K\u00f6se wieder zur Verf\u00fcgung, da er die Sperre anl\u00e4sslich seiner 5. gelben Karte abgesessen hat. Auch Tristan Oben-Stintenberg k\u00f6nnte wieder zum Kader sto\u00dfen, da seine vierw\u00f6chige Rot-Sperre ebenfalls abgegolten ist. <\/p>\n\n\n\n<p>F\u00fcr dieses Spiel m\u00fcssen alle Beteiligten nicht besonders motiviert werden, denn das Derby wollen beide Vereine gewinnen. <\/p>\n\n\n\n<p>Die Zweckeler hatten das Hinspiel am 08.10.23 auf dem Rasenplatz an der Dorstener Stra\u00dfe ungl\u00fccklich mit 1:2 verloren, da der Schiedsrichter eine mehr als deutliche Abseitsstellung \u00fcbersah und dem in der Nachspielzeit erzielten Ausgleich aus nur ihm bekannten Gr\u00fcnden die Anerkennung versagte.<\/p>\n\n\n\n<p>Diese Niederlage wollen die Zweckeler in Rentfort wieder wett machen und sich die verlorenen Punkte wiederholen. <\/p>\n","protected":false},"excerpt":{"rendered":"<p>Sonntag, 14.04.24, 15:00 Uhr: BV Rentfort &#8211; SV Zweckel Nach dem Punktgewinn in H\u00fcls steht am kommenden Sonntag das Derby in Rentfort an. Der Gastgeber hat derzeit noch vier Punkte Vorsprung auf den SV Zweckel. Das soll sich nach den Vorstellungen der Schwarz-Gr\u00fcnen allerdings am Sonntag \u00e4ndern, denn sie werden in Rentfort auf Sieg spielen. [&hellip;]<\/p>\n","protected":false},"author":3,"featured_media":16708,"comment_status":"open","ping_status":"closed","sticky":false,"template":"","format":"standard","meta":{"_jetpack_memberships_contains_paid_content":false,"footnotes":"","jetpack_publicize_message":"","jetpack_publicize_feature_enabled":true,"jetpack_social_post_already_shared":false,"jetpack_social_options":{"image_generator_settings":{"template":"highway","default_image_id":0,"font":"","enabled":false},"version":2}},"categories":[2],"tags":[],"class_list":["post-16707","post","type-post","status-publish","format-standard","has-post-thumbnail","hentry","category-1-mannschaft"],"jetpack_publicize_connections":[],"jetpack_featured_media_url":"https:\/\/i0.wp.com\/www.svzweckel.de\/wp-content\/uploads\/Preussen.jpg?fit=800%2C533&ssl=1","jetpack_sharing_enabled":true,"_links":{"self":[{"href":"https:\/\/www.svzweckel.de\/index.php?rest_route=\/wp\/v2\/posts\/16707","targetHints":{"allow":["GET"]}}],"collection":[{"href":"https:\/\/www.svzweckel.de\/index.php?rest_route=\/wp\/v2\/posts"}],"about":[{"href":"https:\/\/www.svzweckel.de\/index.php?rest_route=\/wp\/v2\/types\/post"}],"author":[{"embeddable":true,"href":"https:\/\/www.svzweckel.de\/index.php?rest_route=\/wp\/v2\/users\/3"}],"replies":[{"embeddable":true,"href":"https:\/\/www.svzweckel.de\/index.php?rest_route=%2Fwp%2Fv2%2Fcomments&post=16707"}],"version-history":[{"count":2,"href":"https:\/\/www.svzweckel.de\/index.php?rest_route=\/wp\/v2\/posts\/16707\/revisions"}],"predecessor-version":[{"id":16710,"href":"https:\/\/www.svzweckel.de\/index.php?rest_route=\/wp\/v2\/posts\/16707\/revisions\/16710"}],"wp:featuredmedia":[{"embeddable":true,"href":"https:\/\/www.svzweckel.de\/index.php?rest_route=\/wp\/v2\/media\/16708"}],"wp:attachment":[{"href":"https:\/\/www.svzweckel.de\/index.php?rest_route=%2Fwp%2Fv2%2Fmedia&parent=16707"}],"wp:term":[{"taxonomy":"category","embeddable":true,"href":"https:\/\/www.svzweckel.de\/index.php?rest_route=%2Fwp%2Fv2%2Fcategories&post=16707"},{"taxonomy":"post_tag","embeddable":true,"href":"https:\/\/www.svzweckel.de\/index.php?rest_route=%2Fwp%2Fv2%2Ftags&post=16707"}],"curies":[{"name":"wp","href":"https:\/\/api.w.org\/{rel}","templated":true}]}}