{"id":16725,"date":"2024-04-14T19:33:49","date_gmt":"2024-04-14T17:33:49","guid":{"rendered":"https:\/\/www.svzweckel.de\/?p=16725"},"modified":"2024-04-14T19:33:50","modified_gmt":"2024-04-14T17:33:50","slug":"die-serie-haelt-auch-im-derby","status":"publish","type":"post","link":"https:\/\/www.svzweckel.de\/?p=16725","title":{"rendered":"Die Serie h\u00e4lt auch im Derby"},"content":{"rendered":"\n<p>BV Rentfort &#8211; SV Zweckel 1:1 (1:0)<\/p>\n\n\n\n<p>Das war wieder ein hartes St\u00fcck Arbeit f\u00fcr den SV Zweckel! Mit dem Ausgleich in der 88. Minute bewahrten die Zweckeler ihre Serie von sechs ungschlagenen Spielen und erk\u00e4mpften sich nach einem R\u00fcckstand noch ein Remis.<\/p>\n\n\n\n<p>Eigentlich begann es gut f\u00fcr den SV Zweckel. Mit druckvollem Angriffsspiel ging es gleich gut los. Jan Schwers tankte sich nach drei Minuten auf der rechten Seite durch, bedient Talha Uzan, der den Ball jedoch im gegnerischen Tor nicht unterbringen konnte. In der Folge hatten die Zweckeler mehr vom Spiel, konnten aber zwei weitere Torchancen nicht verwerten. Danach \u00fcbernahmen die Hausherren die Kontrolle, ohne die Zweckeler jedoch ernsthaft in Verlegenheit zu bringen. Es dauerte bis zur 25. Minute, die Zweckeler vert\u00e4ndelten einen abgefangenen ca. 25 m vor dem eigenen Tor und verursachten im Anschluss einen Freisto\u00df f\u00fcr den BV Rentfort. Diesen jagte der Kutsal T\u00fcrkel f\u00fcr die Hausherren sehenswert zur F\u00fchrung in den rechten oberen Winkel. <\/p>\n\n\n\n<p>Danach tat sich nicht mehr viel und die Zweckeler spielten h\u00e4ufig zu ungenau. Im Gegensatz zu den vergangenen Partien unterliefen den Schwarz-Gr\u00fcnen im Derby immer wieder technische Fehler und Ungenauigkeiten.  <\/p>\n\n\n\n<p>Nach dem Wechsel versuchten die Zweckeler immer wieder die Partie zu dominieren, scheiterten aber im letzten Drittel durch ungenauge Zuspiele und falsche Entscheidungen. So musste ein Standard f\u00fcr den Ausgleich sorgen. In der 88. Minute setzte sich Talha Uzan auf der linken Seite gegen Mirko H\u00fclskemper durch, der ihn nur durch ein Foul stoppen konnte. Den f\u00e4lligen Elfemter verwandelte Kapit\u00e4n &#8222;Seppo&#8220; Hagemeister souver\u00e4n zum letztendlich verdienten Unentschieden an der Hegestra\u00dfe.<\/p>\n\n\n\n<figure class=\"wp-block-image size-large\"><img data-recalc-dims=\"1\" loading=\"lazy\" decoding=\"async\" width=\"640\" height=\"360\" src=\"https:\/\/i0.wp.com\/www.svzweckel.de\/wp-content\/uploads\/wp-17131086349334994583133506959597.jpg?resize=640%2C360&#038;ssl=1\" alt=\"\" class=\"wp-image-16724\" srcset=\"https:\/\/i0.wp.com\/www.svzweckel.de\/wp-content\/uploads\/wp-17131086349334994583133506959597.jpg?resize=800%2C450&amp;ssl=1 800w, https:\/\/i0.wp.com\/www.svzweckel.de\/wp-content\/uploads\/wp-17131086349334994583133506959597.jpg?resize=300%2C169&amp;ssl=1 300w, https:\/\/i0.wp.com\/www.svzweckel.de\/wp-content\/uploads\/wp-17131086349334994583133506959597.jpg?resize=150%2C84&amp;ssl=1 150w, https:\/\/i0.wp.com\/www.svzweckel.de\/wp-content\/uploads\/wp-17131086349334994583133506959597.jpg?resize=768%2C432&amp;ssl=1 768w, https:\/\/i0.wp.com\/www.svzweckel.de\/wp-content\/uploads\/wp-17131086349334994583133506959597.jpg?resize=1536%2C864&amp;ssl=1 1536w, https:\/\/i0.wp.com\/www.svzweckel.de\/wp-content\/uploads\/wp-17131086349334994583133506959597.jpg?resize=640%2C360&amp;ssl=1 640w, https:\/\/i0.wp.com\/www.svzweckel.de\/wp-content\/uploads\/wp-17131086349334994583133506959597.jpg?resize=100%2C56&amp;ssl=1 100w, https:\/\/i0.wp.com\/www.svzweckel.de\/wp-content\/uploads\/wp-17131086349334994583133506959597.jpg?resize=50%2C28&amp;ssl=1 50w, https:\/\/i0.wp.com\/www.svzweckel.de\/wp-content\/uploads\/wp-17131086349334994583133506959597.jpg?resize=25%2C14&amp;ssl=1 25w, https:\/\/i0.wp.com\/www.svzweckel.de\/wp-content\/uploads\/wp-17131086349334994583133506959597.jpg?resize=569%2C320&amp;ssl=1 569w, https:\/\/i0.wp.com\/www.svzweckel.de\/wp-content\/uploads\/wp-17131086349334994583133506959597.jpg?resize=160%2C90&amp;ssl=1 160w, https:\/\/i0.wp.com\/www.svzweckel.de\/wp-content\/uploads\/wp-17131086349334994583133506959597.jpg?w=2000&amp;ssl=1 2000w, https:\/\/i0.wp.com\/www.svzweckel.de\/wp-content\/uploads\/wp-17131086349334994583133506959597.jpg?w=1280&amp;ssl=1 1280w, https:\/\/i0.wp.com\/www.svzweckel.de\/wp-content\/uploads\/wp-17131086349334994583133506959597.jpg?w=1920&amp;ssl=1 1920w\" sizes=\"auto, (max-width: 640px) 100vw, 640px\" \/><\/figure>\n\n\n\n<p>Die Zweckeler m\u00fcssen allerdings einige Wermutstropfen verkraften. Mit Seppo Hagemeister, Enes Aldirmaz und Tristan Oben-Stintenberg haben sich drei Zweckeler Innenverteidiger die f\u00fcnfte gelbe Karte abgeholt und m\u00fcssen am n\u00e4chsten Sonntag beim Abstiegskonkurrenten RWT Herne pausieren. <\/p>\n","protected":false},"excerpt":{"rendered":"<p>BV Rentfort &#8211; SV Zweckel 1:1 (1:0) Das war wieder ein hartes St\u00fcck Arbeit f\u00fcr den SV Zweckel! Mit dem Ausgleich in der 88. Minute bewahrten die Zweckeler ihre Serie von sechs ungschlagenen Spielen und erk\u00e4mpften sich nach einem R\u00fcckstand noch ein Remis. Eigentlich begann es gut f\u00fcr den SV Zweckel. Mit druckvollem Angriffsspiel ging [&hellip;]<\/p>\n","protected":false},"author":3,"featured_media":16721,"comment_status":"open","ping_status":"closed","sticky":false,"template":"","format":"standard","meta":{"_jetpack_memberships_contains_paid_content":false,"footnotes":"","jetpack_publicize_message":"","jetpack_publicize_feature_enabled":true,"jetpack_social_post_already_shared":false,"jetpack_social_options":{"image_generator_settings":{"template":"highway","default_image_id":0,"font":"","enabled":false},"version":2}},"categories":[3],"tags":[],"class_list":["post-16725","post","type-post","status-publish","format-standard","has-post-thumbnail","hentry","category-allgemein"],"jetpack_publicize_connections":[],"jetpack_featured_media_url":"https:\/\/i0.wp.com\/www.svzweckel.de\/wp-content\/uploads\/wp-1713108634245648793957538353907.jpg?fit=2000%2C1125&ssl=1","jetpack_sharing_enabled":true,"_links":{"self":[{"href":"https:\/\/www.svzweckel.de\/index.php?rest_route=\/wp\/v2\/posts\/16725","targetHints":{"allow":["GET"]}}],"collection":[{"href":"https:\/\/www.svzweckel.de\/index.php?rest_route=\/wp\/v2\/posts"}],"about":[{"href":"https:\/\/www.svzweckel.de\/index.php?rest_route=\/wp\/v2\/types\/post"}],"author":[{"embeddable":true,"href":"https:\/\/www.svzweckel.de\/index.php?rest_route=\/wp\/v2\/users\/3"}],"replies":[{"embeddable":true,"href":"https:\/\/www.svzweckel.de\/index.php?rest_route=%2Fwp%2Fv2%2Fcomments&post=16725"}],"version-history":[{"count":3,"href":"https:\/\/www.svzweckel.de\/index.php?rest_route=\/wp\/v2\/posts\/16725\/revisions"}],"predecessor-version":[{"id":16728,"href":"https:\/\/www.svzweckel.de\/index.php?rest_route=\/wp\/v2\/posts\/16725\/revisions\/16728"}],"wp:featuredmedia":[{"embeddable":true,"href":"https:\/\/www.svzweckel.de\/index.php?rest_route=\/wp\/v2\/media\/16721"}],"wp:attachment":[{"href":"https:\/\/www.svzweckel.de\/index.php?rest_route=%2Fwp%2Fv2%2Fmedia&parent=16725"}],"wp:term":[{"taxonomy":"category","embeddable":true,"href":"https:\/\/www.svzweckel.de\/index.php?rest_route=%2Fwp%2Fv2%2Fcategories&post=16725"},{"taxonomy":"post_tag","embeddable":true,"href":"https:\/\/www.svzweckel.de\/index.php?rest_route=%2Fwp%2Fv2%2Ftags&post=16725"}],"curies":[{"name":"wp","href":"https:\/\/api.w.org\/{rel}","templated":true}]}}