{"id":16743,"date":"2024-04-18T15:09:54","date_gmt":"2024-04-18T13:09:54","guid":{"rendered":"https:\/\/www.svzweckel.de\/?p=16743"},"modified":"2024-04-18T15:10:14","modified_gmt":"2024-04-18T13:10:14","slug":"wichtiges-spiel-in-herne","status":"publish","type":"post","link":"https:\/\/www.svzweckel.de\/?p=16743","title":{"rendered":"Wichtiges Spiel in Herne"},"content":{"rendered":"\n<p>21.04.24, 15:00 Uhr: RWT Herne &#8211; SV Zweckel<\/p>\n\n\n\n<p>Der SV Zweckel muss am kommenden Sonntag beim Tabellenletzten in Herne antreten. Der Gegner hat in der R\u00fcckserie immerhin 10 der 16 Punkte erspielt und k\u00f6nnte mit einem Sieg gegen Zweckel noch einmal deutlich an die Nichtabstiegspl\u00e4tze gelangen. Am letzten Sonntag erzielten die Herner mit 0:4 einen sehr deutlichen Sieg in Hessler und gewannen auch gegen Viktoria Resse mit 8:3. Dazwischen lagen lediglich zwei Niederlagen gegen Horst und Marl.<\/p>\n\n\n\n<p>Die Zweckeler sind seit 6 Spielen ungeschlagen und wollen diese Serie nat\u00fcrlich fortsetzen. Sollten die Zweckeler in Herne siegen, w\u00fcrden sie den Abstand auf den Tabellenletzten auf 11 Punkte vergr\u00f6\u00dfern. Bei dann noch ausstehenden f\u00fcnf Spielen d\u00fcrfte dieser Abstand kaum noch aufholbar sein. <\/p>\n\n\n\n<p>Marc Bahl muss auf den Kapit\u00e4n &#8222;Seppo&#8220; Hagemeister und Enes Aldirmaz verzichten, wodurch die Innenverteidigung umgebaut werden muss. M\u00f6glicherweise werden Moritz Heidenreich und Tristan Oben-Stintenberg diese Aufgabe \u00fcbernehmen. Au\u00dferdem wird Marcel Heidenreich bis zum Saisonende ausfallen, da er sich im Training leider einen Ellenbogenbruch zugezogen hat. <\/p>\n\n\n\n<p>Wie in den vergangenen Wochen muss die Mannschaft wieder alles in die Waagschale zu werfen, um mit etwas Z\u00e4hlbarem zur\u00fcck an die Dorstener Stra\u00dfe zu kommen. <\/p>\n\n\n\n<p><\/p>\n","protected":false},"excerpt":{"rendered":"<p>21.04.24, 15:00 Uhr: RWT Herne &#8211; SV Zweckel Der SV Zweckel muss am kommenden Sonntag beim Tabellenletzten in Herne antreten. Der Gegner hat in der R\u00fcckserie immerhin 10 der 16 Punkte erspielt und k\u00f6nnte mit einem Sieg gegen Zweckel noch einmal deutlich an die Nichtabstiegspl\u00e4tze gelangen. Am letzten Sonntag erzielten die Herner mit 0:4 einen [&hellip;]<\/p>\n","protected":false},"author":3,"featured_media":16720,"comment_status":"open","ping_status":"closed","sticky":false,"template":"","format":"standard","meta":{"_jetpack_memberships_contains_paid_content":false,"footnotes":"","jetpack_publicize_message":"","jetpack_publicize_feature_enabled":true,"jetpack_social_post_already_shared":false,"jetpack_social_options":{"image_generator_settings":{"template":"highway","default_image_id":0,"font":"","enabled":false},"version":2}},"categories":[2],"tags":[],"class_list":["post-16743","post","type-post","status-publish","format-standard","has-post-thumbnail","hentry","category-1-mannschaft"],"jetpack_publicize_connections":[],"jetpack_featured_media_url":"https:\/\/i0.wp.com\/www.svzweckel.de\/wp-content\/uploads\/wp-17131086338866118510622176473017.jpg?fit=2000%2C1125&ssl=1","jetpack_sharing_enabled":true,"_links":{"self":[{"href":"https:\/\/www.svzweckel.de\/index.php?rest_route=\/wp\/v2\/posts\/16743","targetHints":{"allow":["GET"]}}],"collection":[{"href":"https:\/\/www.svzweckel.de\/index.php?rest_route=\/wp\/v2\/posts"}],"about":[{"href":"https:\/\/www.svzweckel.de\/index.php?rest_route=\/wp\/v2\/types\/post"}],"author":[{"embeddable":true,"href":"https:\/\/www.svzweckel.de\/index.php?rest_route=\/wp\/v2\/users\/3"}],"replies":[{"embeddable":true,"href":"https:\/\/www.svzweckel.de\/index.php?rest_route=%2Fwp%2Fv2%2Fcomments&post=16743"}],"version-history":[{"count":2,"href":"https:\/\/www.svzweckel.de\/index.php?rest_route=\/wp\/v2\/posts\/16743\/revisions"}],"predecessor-version":[{"id":16745,"href":"https:\/\/www.svzweckel.de\/index.php?rest_route=\/wp\/v2\/posts\/16743\/revisions\/16745"}],"wp:featuredmedia":[{"embeddable":true,"href":"https:\/\/www.svzweckel.de\/index.php?rest_route=\/wp\/v2\/media\/16720"}],"wp:attachment":[{"href":"https:\/\/www.svzweckel.de\/index.php?rest_route=%2Fwp%2Fv2%2Fmedia&parent=16743"}],"wp:term":[{"taxonomy":"category","embeddable":true,"href":"https:\/\/www.svzweckel.de\/index.php?rest_route=%2Fwp%2Fv2%2Fcategories&post=16743"},{"taxonomy":"post_tag","embeddable":true,"href":"https:\/\/www.svzweckel.de\/index.php?rest_route=%2Fwp%2Fv2%2Ftags&post=16743"}],"curies":[{"name":"wp","href":"https:\/\/api.w.org\/{rel}","templated":true}]}}