{"id":16747,"date":"2024-04-18T22:22:08","date_gmt":"2024-04-18T20:22:08","guid":{"rendered":"https:\/\/www.svzweckel.de\/?p=16747"},"modified":"2024-04-18T22:22:10","modified_gmt":"2024-04-18T20:22:10","slug":"jugendspieler-gesucht","status":"publish","type":"post","link":"https:\/\/www.svzweckel.de\/?p=16747","title":{"rendered":"Jugendspieler gesucht!"},"content":{"rendered":"\n<p>Der SV Zweckel sucht f\u00fcr die kommende Saison neue, junge, motivierte Spieler f\u00fcr alle Altersklassen im Jugendbereich. Ab dem Sommer bietet der dann fertiggestellte Kunstrasenplatz beste Trainings- und Spielm\u00f6glichkeiten und schafft damit die perfekten Rahmenbedingungen f\u00fcr alle Fu\u00dfballinteressierten. Meldet euch bei unserem Jugendvorstand Markus Ptok oder direkt bei uns und werdet Teil der Zweckeler Familie. Wir freuen uns auf euch!<\/p>\n","protected":false},"excerpt":{"rendered":"<p>Der SV Zweckel sucht f\u00fcr die kommende Saison neue, junge, motivierte Spieler f\u00fcr alle Altersklassen im Jugendbereich. Ab dem Sommer bietet der dann fertiggestellte Kunstrasenplatz beste Trainings- und Spielm\u00f6glichkeiten und schafft damit die perfekten Rahmenbedingungen f\u00fcr alle Fu\u00dfballinteressierten. Meldet euch bei unserem Jugendvorstand Markus Ptok oder direkt bei uns und werdet Teil der Zweckeler Familie. [&hellip;]<\/p>\n","protected":false},"author":3,"featured_media":16761,"comment_status":"open","ping_status":"closed","sticky":false,"template":"","format":"standard","meta":{"_jetpack_memberships_contains_paid_content":false,"footnotes":"","jetpack_publicize_message":"","jetpack_publicize_feature_enabled":true,"jetpack_social_post_already_shared":false,"jetpack_social_options":{"image_generator_settings":{"template":"highway","default_image_id":0,"font":"","enabled":false},"version":2}},"categories":[3],"tags":[],"class_list":["post-16747","post","type-post","status-publish","format-standard","has-post-thumbnail","hentry","category-allgemein"],"jetpack_publicize_connections":[],"jetpack_featured_media_url":"https:\/\/i0.wp.com\/www.svzweckel.de\/wp-content\/uploads\/Jugend-neu.jpg?fit=561%2C800&ssl=1","jetpack_sharing_enabled":true,"_links":{"self":[{"href":"https:\/\/www.svzweckel.de\/index.php?rest_route=\/wp\/v2\/posts\/16747","targetHints":{"allow":["GET"]}}],"collection":[{"href":"https:\/\/www.svzweckel.de\/index.php?rest_route=\/wp\/v2\/posts"}],"about":[{"href":"https:\/\/www.svzweckel.de\/index.php?rest_route=\/wp\/v2\/types\/post"}],"author":[{"embeddable":true,"href":"https:\/\/www.svzweckel.de\/index.php?rest_route=\/wp\/v2\/users\/3"}],"replies":[{"embeddable":true,"href":"https:\/\/www.svzweckel.de\/index.php?rest_route=%2Fwp%2Fv2%2Fcomments&post=16747"}],"version-history":[{"count":4,"href":"https:\/\/www.svzweckel.de\/index.php?rest_route=\/wp\/v2\/posts\/16747\/revisions"}],"predecessor-version":[{"id":16764,"href":"https:\/\/www.svzweckel.de\/index.php?rest_route=\/wp\/v2\/posts\/16747\/revisions\/16764"}],"wp:featuredmedia":[{"embeddable":true,"href":"https:\/\/www.svzweckel.de\/index.php?rest_route=\/wp\/v2\/media\/16761"}],"wp:attachment":[{"href":"https:\/\/www.svzweckel.de\/index.php?rest_route=%2Fwp%2Fv2%2Fmedia&parent=16747"}],"wp:term":[{"taxonomy":"category","embeddable":true,"href":"https:\/\/www.svzweckel.de\/index.php?rest_route=%2Fwp%2Fv2%2Fcategories&post=16747"},{"taxonomy":"post_tag","embeddable":true,"href":"https:\/\/www.svzweckel.de\/index.php?rest_route=%2Fwp%2Fv2%2Ftags&post=16747"}],"curies":[{"name":"wp","href":"https:\/\/api.w.org\/{rel}","templated":true}]}}