{"id":16777,"date":"2024-04-21T19:02:40","date_gmt":"2024-04-21T17:02:40","guid":{"rendered":"https:\/\/www.svzweckel.de\/?p=16777"},"modified":"2024-04-21T19:44:35","modified_gmt":"2024-04-21T17:44:35","slug":"die-serie-hat-weiter-bestand","status":"publish","type":"post","link":"https:\/\/www.svzweckel.de\/?p=16777","title":{"rendered":"Die Serie hat weiter Bestand!"},"content":{"rendered":"\n<p>RWT Herne &#8211; SV Zweckel 1:5 (0:3)<\/p>\n\n\n\n<p>Der SV Zweckel hat das siebte Spiel in Serie nicht verloren und konnte sich mit einem nie gef\u00e4hrdeten Sieg beim Tabellenletzten von den Abstiegsr\u00e4ngen etwas absetzen. <\/p>\n\n\n\n<p>Enes Aldirmaz und &#8222;Seppo&#8220; Hagemeister mussten auf Grund ihrer f\u00fcnften gelben Karten beide beim Ausw\u00e4rtsspiel in Herne aussetzen. Die Innenverteidigung \u00fcbernahmen Tristan Oben-Stintenberg und Moritz Heidenreich, welche diese Aufgabe \u00fcberrragend l\u00f6sten und bis auf ganz wenige Situationen alles verteidigten, was durch die Mitte aufs Tor kam. <\/p>\n\n\n\n<p>Von Beginn an gingen die Zweckeler mit einer offensiven Ausrichtung zu Werke und hatten die ersten Torchancen. Die G\u00e4ste fanden offensiv \u00fcberhaupt nicht statt. Nach einem Gew\u00fchl traf Jan Schwers in der 13. Minute bereits mit dem Kopf zum 0:1 und setzte damit ein erstes Ausrufezeichen. In der Folge versuchten die Herner sich etwas in der Offensive, allerdings fehlte ihnen die Durchschlagskraft. Auch der ehemalige Zweckeler Serdar Yigit, der einige Spielzeiten in der Ober- und Westfalenliga absolvierte, \u00e4nderte daran nichts.<\/p>\n\n\n\n<p>In der 37. Minute konnte Kapit\u00e4n Serkan K\u00f6se mit einem abgef\u00e4lschten Torschuss auf 0:2 erh\u00f6hen.<\/p>\n\n\n\n<p>Die Gastgeber hatten sich von diesem Schock kaum erholt, sprintete Jan Schwers nur zwei Minuten sp\u00e4ter aufs Herner Tor zu und schob den Ball am herauslaufenden Keeper vorbei zum vorentscheidenden 0:3 \u00fcber die Linie. Mit diesem Ergebnis wurden die Seiten gewechselt. <\/p>\n\n\n\n<p>Zu Beginn der zweiten Halbzeit verschoben die Gastgeber doch noch mal etwa nach vorne, konnten die Zweckeler Defensive allerdings nie gef\u00e4hrden. Jan Schwers, der abermals seinem Gegenspieler enteilte, wurde durch diesen mit einem Check zu Boden gebracht und kassierte daf\u00fcr die gelb-rote Karte. In \u00dcberzahl spielten die Zweckeler einige Male ihre schnellen Konter nicht genau genug aus und verpassten es dadurch, die F\u00fchrung weiter zu erh\u00f6hen. <\/p>\n\n\n\n<p>Das ist aber auch der einzige Vorwurf, den man dieser jungen Mannschaft machen kann. In der 79. Minute kr\u00f6nte Jan Schwers seine gute Vorstellung mit seinem dritten Tor und machte mit dem 0:4 den Deckel auf die Partie.<\/p>\n\n\n\n<p>Marlon Boris, der erst 8 Minuten vorher eingewechselt wurde und unter der Woche noch in New York weilte, traf in der 82. Minute mit einem fulminanten Schuss zum 0:5. <\/p>\n\n\n\n<p>In der Folge wechselte Trainer Marc Bahl flei\u00dfig aus und gab Nick Kossack in seinem ersten Senioreneinsatz, Nazif Nawroz und Lasse Neubauer noch einige Minuten Spielzeit. <\/p>\n\n\n\n<p>In der 90. Minute kamen die Gastgeber zum Ehrentreffer, nach welchem der gute Schiedsrichter die Partie abpfiff.  <\/p>\n\n\n\n<p>Dieser Sieg hievt den SV Zweckel auf den 11. Tabellenplatz und sorgt daf\u00fcr, dass der Abstand auf den ersten Abstiegsplatz auf aktuell 4 Punkte angewachsen ist. <\/p>\n","protected":false},"excerpt":{"rendered":"<p>RWT Herne &#8211; SV Zweckel 1:5 (0:3) Der SV Zweckel hat das siebte Spiel in Serie nicht verloren und konnte sich mit einem nie gef\u00e4hrdeten Sieg beim Tabellenletzten von den Abstiegsr\u00e4ngen etwas absetzen. Enes Aldirmaz und &#8222;Seppo&#8220; Hagemeister mussten auf Grund ihrer f\u00fcnften gelben Karten beide beim Ausw\u00e4rtsspiel in Herne aussetzen. Die Innenverteidigung \u00fcbernahmen Tristan [&hellip;]<\/p>\n","protected":false},"author":3,"featured_media":16776,"comment_status":"open","ping_status":"closed","sticky":false,"template":"","format":"standard","meta":{"_jetpack_memberships_contains_paid_content":false,"footnotes":"","jetpack_publicize_message":"","jetpack_publicize_feature_enabled":true,"jetpack_social_post_already_shared":false,"jetpack_social_options":{"image_generator_settings":{"template":"highway","default_image_id":0,"font":"","enabled":false},"version":2}},"categories":[2],"tags":[],"class_list":["post-16777","post","type-post","status-publish","format-standard","has-post-thumbnail","hentry","category-1-mannschaft"],"jetpack_publicize_connections":[],"jetpack_featured_media_url":"https:\/\/i0.wp.com\/www.svzweckel.de\/wp-content\/uploads\/wp-17137158686297795626439262261418.jpg?fit=2000%2C1125&ssl=1","jetpack_sharing_enabled":true,"_links":{"self":[{"href":"https:\/\/www.svzweckel.de\/index.php?rest_route=\/wp\/v2\/posts\/16777","targetHints":{"allow":["GET"]}}],"collection":[{"href":"https:\/\/www.svzweckel.de\/index.php?rest_route=\/wp\/v2\/posts"}],"about":[{"href":"https:\/\/www.svzweckel.de\/index.php?rest_route=\/wp\/v2\/types\/post"}],"author":[{"embeddable":true,"href":"https:\/\/www.svzweckel.de\/index.php?rest_route=\/wp\/v2\/users\/3"}],"replies":[{"embeddable":true,"href":"https:\/\/www.svzweckel.de\/index.php?rest_route=%2Fwp%2Fv2%2Fcomments&post=16777"}],"version-history":[{"count":3,"href":"https:\/\/www.svzweckel.de\/index.php?rest_route=\/wp\/v2\/posts\/16777\/revisions"}],"predecessor-version":[{"id":16780,"href":"https:\/\/www.svzweckel.de\/index.php?rest_route=\/wp\/v2\/posts\/16777\/revisions\/16780"}],"wp:featuredmedia":[{"embeddable":true,"href":"https:\/\/www.svzweckel.de\/index.php?rest_route=\/wp\/v2\/media\/16776"}],"wp:attachment":[{"href":"https:\/\/www.svzweckel.de\/index.php?rest_route=%2Fwp%2Fv2%2Fmedia&parent=16777"}],"wp:term":[{"taxonomy":"category","embeddable":true,"href":"https:\/\/www.svzweckel.de\/index.php?rest_route=%2Fwp%2Fv2%2Fcategories&post=16777"},{"taxonomy":"post_tag","embeddable":true,"href":"https:\/\/www.svzweckel.de\/index.php?rest_route=%2Fwp%2Fv2%2Ftags&post=16777"}],"curies":[{"name":"wp","href":"https:\/\/api.w.org\/{rel}","templated":true}]}}