{"id":16784,"date":"2024-04-22T19:50:00","date_gmt":"2024-04-22T17:50:00","guid":{"rendered":"https:\/\/www.svzweckel.de\/?p=16784"},"modified":"2024-04-22T19:50:01","modified_gmt":"2024-04-22T17:50:01","slug":"f2-erfolgreich","status":"publish","type":"post","link":"https:\/\/www.svzweckel.de\/?p=16784","title":{"rendered":"F2 erfolgreich"},"content":{"rendered":"\n<p>Trainerduo mit Mannschaft hochzufrieden<\/p>\n\n\n\n<p>Beim diesj\u00e4hrigen Fu\u00dfballfest am 16.04.2024 auf Schalke konnte die F2 um das Trainerduo Nico Ptok und Leandro D&#8217;Amico auf ganzer Linie \u00fcberzeugen und viele erfolgreiche Partien bestreiten. Zum Abschluss durfte ein Foto mit der Henri-Delaunay-Pokal und EM-Maskottchen &#8218;Alb\u00e4rt&#8216; nat\u00fcrlich nicht fehlen.<\/p>\n\n\n\n<p>Wer sind wir? SV Zweckel!<\/p>\n","protected":false},"excerpt":{"rendered":"<p>Trainerduo mit Mannschaft hochzufrieden Beim diesj\u00e4hrigen Fu\u00dfballfest am 16.04.2024 auf Schalke konnte die F2 um das Trainerduo Nico Ptok und Leandro D&#8217;Amico auf ganzer Linie \u00fcberzeugen und viele erfolgreiche Partien bestreiten. Zum Abschluss durfte ein Foto mit der Henri-Delaunay-Pokal und EM-Maskottchen &#8218;Alb\u00e4rt&#8216; nat\u00fcrlich nicht fehlen. Wer sind wir? SV Zweckel!<\/p>\n","protected":false},"author":28,"featured_media":16785,"comment_status":"open","ping_status":"closed","sticky":false,"template":"","format":"standard","meta":{"_jetpack_memberships_contains_paid_content":false,"footnotes":"","jetpack_publicize_message":"","jetpack_publicize_feature_enabled":true,"jetpack_social_post_already_shared":false,"jetpack_social_options":{"image_generator_settings":{"template":"highway","default_image_id":0,"font":"","enabled":false},"version":2}},"categories":[3],"tags":[],"class_list":["post-16784","post","type-post","status-publish","format-standard","has-post-thumbnail","hentry","category-allgemein"],"jetpack_publicize_connections":[],"jetpack_featured_media_url":"https:\/\/i0.wp.com\/www.svzweckel.de\/wp-content\/uploads\/WhatsApp-Bild-2024-04-16-Nico.jpg?fit=800%2C673&ssl=1","jetpack_sharing_enabled":true,"_links":{"self":[{"href":"https:\/\/www.svzweckel.de\/index.php?rest_route=\/wp\/v2\/posts\/16784","targetHints":{"allow":["GET"]}}],"collection":[{"href":"https:\/\/www.svzweckel.de\/index.php?rest_route=\/wp\/v2\/posts"}],"about":[{"href":"https:\/\/www.svzweckel.de\/index.php?rest_route=\/wp\/v2\/types\/post"}],"author":[{"embeddable":true,"href":"https:\/\/www.svzweckel.de\/index.php?rest_route=\/wp\/v2\/users\/28"}],"replies":[{"embeddable":true,"href":"https:\/\/www.svzweckel.de\/index.php?rest_route=%2Fwp%2Fv2%2Fcomments&post=16784"}],"version-history":[{"count":1,"href":"https:\/\/www.svzweckel.de\/index.php?rest_route=\/wp\/v2\/posts\/16784\/revisions"}],"predecessor-version":[{"id":16786,"href":"https:\/\/www.svzweckel.de\/index.php?rest_route=\/wp\/v2\/posts\/16784\/revisions\/16786"}],"wp:featuredmedia":[{"embeddable":true,"href":"https:\/\/www.svzweckel.de\/index.php?rest_route=\/wp\/v2\/media\/16785"}],"wp:attachment":[{"href":"https:\/\/www.svzweckel.de\/index.php?rest_route=%2Fwp%2Fv2%2Fmedia&parent=16784"}],"wp:term":[{"taxonomy":"category","embeddable":true,"href":"https:\/\/www.svzweckel.de\/index.php?rest_route=%2Fwp%2Fv2%2Fcategories&post=16784"},{"taxonomy":"post_tag","embeddable":true,"href":"https:\/\/www.svzweckel.de\/index.php?rest_route=%2Fwp%2Fv2%2Ftags&post=16784"}],"curies":[{"name":"wp","href":"https:\/\/api.w.org\/{rel}","templated":true}]}}