{"id":1682,"date":"2014-12-12T18:24:40","date_gmt":"2014-12-12T18:24:40","guid":{"rendered":"http:\/\/www.svzweckel.de\/?p=1682"},"modified":"2014-12-13T15:15:14","modified_gmt":"2014-12-13T15:15:14","slug":"reserve-gegen-yeg-hassel-ii","status":"publish","type":"post","link":"https:\/\/www.svzweckel.de\/?p=1682","title":{"rendered":"Reserve gegen YEG Hassel II"},"content":{"rendered":"<p><strong>Sonntag, 14.12.14, 14:30 Uhr: SV Zweckel II &#8211; YEG Hassel II<\/strong><\/p>\n<p>Im letzten Spiel des Jahres empf\u00e4ngt die Reserve den Tabellenletzten YEG Hassel II. Nach dem tollen Fight der Zweckeler gegen den souver\u00e4nen Tabellenf\u00fchrer Erler SV 08 stellt sich nun YEG Hassel im Nachholspiel vor. Mit 5 Punkten rangiert die Landesligareserve von YEG auf dem letzten Tabellenplatz. Am letzten Sonntag verloren die G\u00e4ste im Lokalsderby gegen SC Hassel II mit 1:5. Obwohl der SV Zweckel seit acht Spielen ungeschlagen ist darf er die G\u00e4ste jedoch nicht auf die leichte Schulter nehmen. Mit einem Sieg k\u00f6nnte die Mannschaft von S\u00f6ren Sch\u00fcrer und Boris Crevatin (siehe Bild) noch SG Preu\u00dfen Gladbeck II und den VfL Grafenwald \u00fcberholen und mit einem guten 5. Platz die Hinrunde beenden. Nach dem schwachen Start w\u00e4re dieses eine mehr als zufrieden stellende Platzierung.<\/p>\n<p>Ansto\u00df im Zweckeler K\u00e4fig ist um 14:30 Uhr.<\/p>\n<p>Zuvor spielt noch &#8222;Die Dritte&#8220; gegen SW Buer B\u00fclse II. Ansto\u00df in dieser Partie ist um 11:45 Uhr.<\/p>\n","protected":false},"excerpt":{"rendered":"<p>Sonntag, 14.12.14, 14:30 Uhr: SV Zweckel II &#8211; YEG Hassel II Im letzten Spiel des Jahres empf\u00e4ngt die Reserve den Tabellenletzten YEG Hassel II. Nach dem tollen Fight der Zweckeler gegen den souver\u00e4nen Tabellenf\u00fchrer Erler SV 08 stellt sich nun YEG Hassel im Nachholspiel vor. Mit 5 Punkten rangiert die Landesligareserve von YEG auf dem [&hellip;]<\/p>\n","protected":false},"author":3,"featured_media":0,"comment_status":"open","ping_status":"open","sticky":false,"template":"","format":"standard","meta":{"_jetpack_memberships_contains_paid_content":false,"footnotes":"","jetpack_publicize_message":"","jetpack_publicize_feature_enabled":true,"jetpack_social_post_already_shared":false,"jetpack_social_options":{"image_generator_settings":{"template":"highway","default_image_id":0,"font":"","enabled":false},"version":2}},"categories":[20],"tags":[],"class_list":["post-1682","post","type-post","status-publish","format-standard","hentry","category-2-mannschaft"],"jetpack_publicize_connections":[],"jetpack_featured_media_url":"","jetpack_sharing_enabled":true,"_links":{"self":[{"href":"https:\/\/www.svzweckel.de\/index.php?rest_route=\/wp\/v2\/posts\/1682","targetHints":{"allow":["GET"]}}],"collection":[{"href":"https:\/\/www.svzweckel.de\/index.php?rest_route=\/wp\/v2\/posts"}],"about":[{"href":"https:\/\/www.svzweckel.de\/index.php?rest_route=\/wp\/v2\/types\/post"}],"author":[{"embeddable":true,"href":"https:\/\/www.svzweckel.de\/index.php?rest_route=\/wp\/v2\/users\/3"}],"replies":[{"embeddable":true,"href":"https:\/\/www.svzweckel.de\/index.php?rest_route=%2Fwp%2Fv2%2Fcomments&post=1682"}],"version-history":[{"count":0,"href":"https:\/\/www.svzweckel.de\/index.php?rest_route=\/wp\/v2\/posts\/1682\/revisions"}],"wp:attachment":[{"href":"https:\/\/www.svzweckel.de\/index.php?rest_route=%2Fwp%2Fv2%2Fmedia&parent=1682"}],"wp:term":[{"taxonomy":"category","embeddable":true,"href":"https:\/\/www.svzweckel.de\/index.php?rest_route=%2Fwp%2Fv2%2Fcategories&post=1682"},{"taxonomy":"post_tag","embeddable":true,"href":"https:\/\/www.svzweckel.de\/index.php?rest_route=%2Fwp%2Fv2%2Ftags&post=1682"}],"curies":[{"name":"wp","href":"https:\/\/api.w.org\/{rel}","templated":true}]}}