{"id":16823,"date":"2024-04-26T11:54:03","date_gmt":"2024-04-26T09:54:03","guid":{"rendered":"https:\/\/www.svzweckel.de\/?p=16823"},"modified":"2024-04-26T11:54:04","modified_gmt":"2024-04-26T09:54:04","slug":"1-mai","status":"publish","type":"post","link":"https:\/\/www.svzweckel.de\/?p=16823","title":{"rendered":"1. Mai"},"content":{"rendered":"\n<p>Am kommenden Mittwoch, 1. Mai, \u00f6ffnet das Vereinsheim schon um 13Uhr. <\/p>\n\n\n\n<p>Bei hoffentlich bestem Wetter, freuen wir uns auf alle Radfahrer und Spazierg\u00e4nger, die auf ein k\u00fchles Getr\u00e4nk oder auch zu Kaffee und selbstgebackenem Kuchen bei uns im Vereinsheim und Biergarten vorbeischauen und den Feiertag genie\u00dfen.<\/p>\n\n\n\n<p>Wir sehen uns am Platz! <\/p>\n","protected":false},"excerpt":{"rendered":"<p>Am kommenden Mittwoch, 1. Mai, \u00f6ffnet das Vereinsheim schon um 13Uhr. Bei hoffentlich bestem Wetter, freuen wir uns auf alle Radfahrer und Spazierg\u00e4nger, die auf ein k\u00fchles Getr\u00e4nk oder auch zu Kaffee und selbstgebackenem Kuchen bei uns im Vereinsheim und Biergarten vorbeischauen und den Feiertag genie\u00dfen. Wir sehen uns am Platz!<\/p>\n","protected":false},"author":3,"featured_media":16424,"comment_status":"open","ping_status":"closed","sticky":false,"template":"","format":"standard","meta":{"_jetpack_memberships_contains_paid_content":false,"footnotes":"","jetpack_publicize_message":"","jetpack_publicize_feature_enabled":true,"jetpack_social_post_already_shared":false,"jetpack_social_options":{"image_generator_settings":{"template":"highway","default_image_id":0,"font":"","enabled":false},"version":2}},"categories":[3],"tags":[],"class_list":["post-16823","post","type-post","status-publish","format-standard","has-post-thumbnail","hentry","category-allgemein"],"jetpack_publicize_connections":[],"jetpack_featured_media_url":"https:\/\/i0.wp.com\/www.svzweckel.de\/wp-content\/uploads\/WhatsApp-Bild-2023-11-12-um-16.50.35_e0e151e0.jpg?fit=800%2C445&ssl=1","jetpack_sharing_enabled":true,"_links":{"self":[{"href":"https:\/\/www.svzweckel.de\/index.php?rest_route=\/wp\/v2\/posts\/16823","targetHints":{"allow":["GET"]}}],"collection":[{"href":"https:\/\/www.svzweckel.de\/index.php?rest_route=\/wp\/v2\/posts"}],"about":[{"href":"https:\/\/www.svzweckel.de\/index.php?rest_route=\/wp\/v2\/types\/post"}],"author":[{"embeddable":true,"href":"https:\/\/www.svzweckel.de\/index.php?rest_route=\/wp\/v2\/users\/3"}],"replies":[{"embeddable":true,"href":"https:\/\/www.svzweckel.de\/index.php?rest_route=%2Fwp%2Fv2%2Fcomments&post=16823"}],"version-history":[{"count":2,"href":"https:\/\/www.svzweckel.de\/index.php?rest_route=\/wp\/v2\/posts\/16823\/revisions"}],"predecessor-version":[{"id":16825,"href":"https:\/\/www.svzweckel.de\/index.php?rest_route=\/wp\/v2\/posts\/16823\/revisions\/16825"}],"wp:featuredmedia":[{"embeddable":true,"href":"https:\/\/www.svzweckel.de\/index.php?rest_route=\/wp\/v2\/media\/16424"}],"wp:attachment":[{"href":"https:\/\/www.svzweckel.de\/index.php?rest_route=%2Fwp%2Fv2%2Fmedia&parent=16823"}],"wp:term":[{"taxonomy":"category","embeddable":true,"href":"https:\/\/www.svzweckel.de\/index.php?rest_route=%2Fwp%2Fv2%2Fcategories&post=16823"},{"taxonomy":"post_tag","embeddable":true,"href":"https:\/\/www.svzweckel.de\/index.php?rest_route=%2Fwp%2Fv2%2Ftags&post=16823"}],"curies":[{"name":"wp","href":"https:\/\/api.w.org\/{rel}","templated":true}]}}