{"id":16829,"date":"2024-04-28T20:30:20","date_gmt":"2024-04-28T18:30:20","guid":{"rendered":"https:\/\/www.svzweckel.de\/?p=16829"},"modified":"2024-04-28T20:30:21","modified_gmt":"2024-04-28T18:30:21","slug":"das-achte-spiel-ohne-niederlage","status":"publish","type":"post","link":"https:\/\/www.svzweckel.de\/?p=16829","title":{"rendered":"Das achte Spiel ohne Niederlage"},"content":{"rendered":"\n<p>SV Zweckel &#8211; Firtinaspor Herne 1:1 (1:0)<\/p>\n\n\n\n<p>Die Serie wurde auch gegen den hochgesch\u00e4tzten Gegner aus Herne fortgef\u00fchrt. Der Trainer Marc Bahl rief seine Spieler nach dem Spiel zusammen und versuchte die Jungs wieder etwas aufzurichten. Nach dem Spielverlauf war die Mannschaft etwas entt\u00e4uscht, denn der Gegner traf erst in der 87. Minute zum Ausgleich. Alles in allem k\u00f6nnen die Zweckeler aber mit dem Unentschieden gut leben, denn nur die Wenigsten hatten den Schwarz-Gr\u00fcnen dieses zugetraut. <\/p>\n\n\n\n<figure class=\"wp-block-image size-large\"><img data-recalc-dims=\"1\" loading=\"lazy\" decoding=\"async\" width=\"640\" height=\"360\" src=\"https:\/\/i0.wp.com\/www.svzweckel.de\/wp-content\/uploads\/wp-17143271544324439388297829602395.jpg?resize=640%2C360&#038;ssl=1\" alt=\"\" class=\"wp-image-16826\" srcset=\"https:\/\/i0.wp.com\/www.svzweckel.de\/wp-content\/uploads\/wp-17143271544324439388297829602395.jpg?resize=800%2C450&amp;ssl=1 800w, https:\/\/i0.wp.com\/www.svzweckel.de\/wp-content\/uploads\/wp-17143271544324439388297829602395.jpg?resize=300%2C169&amp;ssl=1 300w, https:\/\/i0.wp.com\/www.svzweckel.de\/wp-content\/uploads\/wp-17143271544324439388297829602395.jpg?resize=150%2C84&amp;ssl=1 150w, https:\/\/i0.wp.com\/www.svzweckel.de\/wp-content\/uploads\/wp-17143271544324439388297829602395.jpg?resize=768%2C432&amp;ssl=1 768w, https:\/\/i0.wp.com\/www.svzweckel.de\/wp-content\/uploads\/wp-17143271544324439388297829602395.jpg?resize=1536%2C864&amp;ssl=1 1536w, https:\/\/i0.wp.com\/www.svzweckel.de\/wp-content\/uploads\/wp-17143271544324439388297829602395.jpg?resize=640%2C360&amp;ssl=1 640w, https:\/\/i0.wp.com\/www.svzweckel.de\/wp-content\/uploads\/wp-17143271544324439388297829602395.jpg?resize=100%2C56&amp;ssl=1 100w, https:\/\/i0.wp.com\/www.svzweckel.de\/wp-content\/uploads\/wp-17143271544324439388297829602395.jpg?resize=50%2C28&amp;ssl=1 50w, https:\/\/i0.wp.com\/www.svzweckel.de\/wp-content\/uploads\/wp-17143271544324439388297829602395.jpg?resize=25%2C14&amp;ssl=1 25w, https:\/\/i0.wp.com\/www.svzweckel.de\/wp-content\/uploads\/wp-17143271544324439388297829602395.jpg?resize=569%2C320&amp;ssl=1 569w, https:\/\/i0.wp.com\/www.svzweckel.de\/wp-content\/uploads\/wp-17143271544324439388297829602395.jpg?resize=160%2C90&amp;ssl=1 160w, https:\/\/i0.wp.com\/www.svzweckel.de\/wp-content\/uploads\/wp-17143271544324439388297829602395.jpg?w=2000&amp;ssl=1 2000w, https:\/\/i0.wp.com\/www.svzweckel.de\/wp-content\/uploads\/wp-17143271544324439388297829602395.jpg?w=1280&amp;ssl=1 1280w, https:\/\/i0.wp.com\/www.svzweckel.de\/wp-content\/uploads\/wp-17143271544324439388297829602395.jpg?w=1920&amp;ssl=1 1920w\" sizes=\"auto, (max-width: 640px) 100vw, 640px\" \/><\/figure>\n\n\n\n<p>Enes Aldirmaz und Seppo Hagemeister r\u00fcckten wieder in die Innenverteidigung und Tristan Oben-Stintenberg r\u00fcckte mit seinem &#8222;Spannmann&#8220; Moritz Heidenreich in das Mittelfeld. Dario Schierenberg musste im Tor krankheitsbedingt passen und wurde durch Leon Hawlitzky gut vertreten, der einen relativ ruhigen Nachmittag verlebte und sich kaum auszeichnen konnte. <\/p>\n\n\n\n<p>Die Zweckeler begannen kompakt und lie\u00dfen \u00fcber das gesamte Spiel die schnellen und technisch guten Herner Akteure kaum zu Entfaltung kommen und spielten ihrerseits immer wieder schnell nach vorne. Ismail Talha Uzan setzte in der 24. Minute nach, bediente Jan Schwers, der sich \u00fcberragend durchsetzte und mit einem Schuss in den rechten oberen Winkel die fr\u00fchzeitige F\u00fchrung f\u00fcr die Gastgeber erzielte. Das sorgte in der Folge auf Herner Seite f\u00fcr laute Kommentare und hektische Betriebsamkeit. <\/p>\n\n\n\n<p>Die G\u00e4ste waren zwar bem\u00fcht, konnten sich jedoch nie gegen die gut gestaffelte Defensive durchsetzen. Mit diesem knappen Vorsprung wurden die Seiten gewechselt. Erwartungsgem\u00e4\u00df dr\u00fcckten die G\u00e4ste aufs Tempo, konnten sich aber auch in der zweiten H\u00e4lfte kaum nennenswert durchsetzen. Gef\u00e4hrlich wurde es nur durch Standards, bei denen die immer mal wieder die individuelle St\u00e4rke einiger G\u00e4stespieler aufblitzte. Doch die Zweckeler agierten im Verbund hervorragend und so langsam glaubten auch die Zweckeler Anh\u00e4nger daran, dass am heutigen Sonntag etwas zu holen ist. <\/p>\n\n\n\n<p>Leider unterlief den Zweckelern bei einer Flanke ein Fehler und beim Nachsetzen erzielten die G\u00e4ste den Ausgleich, der zu diesem Zeitpunkt etwas \u00fcberraschend fiel. <\/p>\n\n\n\n<p>Danach waren in den letzten Minuten aber die Gastgeber wieder am Dr\u00fccker und wollten den Siegtreffer erzielen. Tristan Oben-Stintenberg verfehlte mit einem Kopfball knapp das Tor und Talha Uzan vergab vielversprechend aus ca. 12 Metern Entfernung. <\/p>\n\n\n\n<p>So blieb es beim Unentschieden, welches vor dem Spiel vermutlich viele Zweckeler Anh\u00e4nger unterschrieben h\u00e4tten. <\/p>\n\n\n\n<p>Die Zweckeler Mannschaft kann trotz der kurzzeitigen Entt\u00e4uschung mit dem Ausgang des Spiels mehr als zufrieden sein, denn sie hat ein tolles Fu\u00dfballspiel gegen einen guten Gegner gezeigt und die Serie mit dem achten Spiel ohne Niederlage in Folge ausgebaut.<\/p>\n\n\n\n<p><\/p>\n","protected":false},"excerpt":{"rendered":"<p>SV Zweckel &#8211; Firtinaspor Herne 1:1 (1:0) Die Serie wurde auch gegen den hochgesch\u00e4tzten Gegner aus Herne fortgef\u00fchrt. Der Trainer Marc Bahl rief seine Spieler nach dem Spiel zusammen und versuchte die Jungs wieder etwas aufzurichten. Nach dem Spielverlauf war die Mannschaft etwas entt\u00e4uscht, denn der Gegner traf erst in der 87. Minute zum Ausgleich. [&hellip;]<\/p>\n","protected":false},"author":3,"featured_media":16827,"comment_status":"open","ping_status":"closed","sticky":false,"template":"","format":"standard","meta":{"_jetpack_memberships_contains_paid_content":false,"footnotes":"","jetpack_publicize_message":"","jetpack_publicize_feature_enabled":true,"jetpack_social_post_already_shared":false,"jetpack_social_options":{"image_generator_settings":{"template":"highway","default_image_id":0,"font":"","enabled":false},"version":2}},"categories":[3],"tags":[],"class_list":["post-16829","post","type-post","status-publish","format-standard","has-post-thumbnail","hentry","category-allgemein"],"jetpack_publicize_connections":[],"jetpack_featured_media_url":"https:\/\/i0.wp.com\/www.svzweckel.de\/wp-content\/uploads\/wp-1714327184947764003866951567964.jpg?fit=2000%2C1125&ssl=1","jetpack_sharing_enabled":true,"_links":{"self":[{"href":"https:\/\/www.svzweckel.de\/index.php?rest_route=\/wp\/v2\/posts\/16829","targetHints":{"allow":["GET"]}}],"collection":[{"href":"https:\/\/www.svzweckel.de\/index.php?rest_route=\/wp\/v2\/posts"}],"about":[{"href":"https:\/\/www.svzweckel.de\/index.php?rest_route=\/wp\/v2\/types\/post"}],"author":[{"embeddable":true,"href":"https:\/\/www.svzweckel.de\/index.php?rest_route=\/wp\/v2\/users\/3"}],"replies":[{"embeddable":true,"href":"https:\/\/www.svzweckel.de\/index.php?rest_route=%2Fwp%2Fv2%2Fcomments&post=16829"}],"version-history":[{"count":2,"href":"https:\/\/www.svzweckel.de\/index.php?rest_route=\/wp\/v2\/posts\/16829\/revisions"}],"predecessor-version":[{"id":16831,"href":"https:\/\/www.svzweckel.de\/index.php?rest_route=\/wp\/v2\/posts\/16829\/revisions\/16831"}],"wp:featuredmedia":[{"embeddable":true,"href":"https:\/\/www.svzweckel.de\/index.php?rest_route=\/wp\/v2\/media\/16827"}],"wp:attachment":[{"href":"https:\/\/www.svzweckel.de\/index.php?rest_route=%2Fwp%2Fv2%2Fmedia&parent=16829"}],"wp:term":[{"taxonomy":"category","embeddable":true,"href":"https:\/\/www.svzweckel.de\/index.php?rest_route=%2Fwp%2Fv2%2Fcategories&post=16829"},{"taxonomy":"post_tag","embeddable":true,"href":"https:\/\/www.svzweckel.de\/index.php?rest_route=%2Fwp%2Fv2%2Ftags&post=16829"}],"curies":[{"name":"wp","href":"https:\/\/api.w.org\/{rel}","templated":true}]}}