{"id":16867,"date":"2024-05-14T22:54:48","date_gmt":"2024-05-14T20:54:48","guid":{"rendered":"https:\/\/www.svzweckel.de\/?p=16867"},"modified":"2024-05-14T22:57:23","modified_gmt":"2024-05-14T20:57:23","slug":"letztes-auswaertsspiel-in-resse","status":"publish","type":"post","link":"https:\/\/www.svzweckel.de\/?p=16867","title":{"rendered":"Letztes Ausw\u00e4rtsspiel in Resse"},"content":{"rendered":"\n<p>Pfingstmontag, 20.05.24, 15:00 Uhr: Viktoria Resse &#8211; SV Zweckel<\/p>\n\n\n\n<p>Die Saison neigt sich dem Ende zu und der SV Zweckel muss noch einmal ausw\u00e4rts antreten. Nach dem letzten Sonntag steht ein weiteres Spiel gegen einen Gegner an, der noch gegen den Abstieg spielt. Mit 24 Punkten haben die Resser einen Punkt weniger auf der Habenseite als die vor ihnen platzierten Herner, welche am letzten Sonntag in der letzten Minute mit 5:4 gegen den SV Zweckel verloren.<\/p>\n\n\n\n<p>Resse hat am letzten Sonntag mit 4:1 in Hessler verloren und konnte damit keine Boden gegen den Konkurrenten gutmachen.  Auch die SSV Buer ist als Vorletzter noch nicht ganz aus dem Rennen, muss allerdings zweimal gewinnen und auf Ausrutscher von Resse und Herne hoffen. <\/p>\n\n\n\n<p>Der SV Zweckel wird sich im Abstiegskampf fair verhalten und strebt auch in Resse einen Sieg an. Nach zuletzt 10 Spielen ohne Niederlage m\u00f6chte die Mannschaft auch in Resse punkten, denn danach steht nur noch ein &#8222;Heimspiel&#8220; auf dem Preu\u00dfen-Platz gegen den Tabellenzweiten SV Horst-Emscher an.<\/p>\n\n\n\n<p>Gegen Herne fielen die Zweckeler nach der Pause in einen 15-Minuten-Tiefschlaf, den sie in Resse verhindern m\u00fcssen. Auch wenn die Come-back-Qualit\u00e4ten am letzten Sonntag noch zu einem Sieg gereicht haben, k\u00f6nnen sich die Zweckeler nicht darauf verlassen, nach vier Gegentreffern das Spiel noch mal drehen zu k\u00f6nnen. <\/p>\n\n\n\n<p>Adresse: Viktoria Resse, Im Emscherbruch 150, 45892 Gelsenkirchen<\/p>\n","protected":false},"excerpt":{"rendered":"<p>Pfingstmontag, 20.05.24, 15:00 Uhr: Viktoria Resse &#8211; SV Zweckel Die Saison neigt sich dem Ende zu und der SV Zweckel muss noch einmal ausw\u00e4rts antreten. Nach dem letzten Sonntag steht ein weiteres Spiel gegen einen Gegner an, der noch gegen den Abstieg spielt. Mit 24 Punkten haben die Resser einen Punkt weniger auf der Habenseite [&hellip;]<\/p>\n","protected":false},"author":3,"featured_media":16870,"comment_status":"open","ping_status":"closed","sticky":false,"template":"","format":"standard","meta":{"_jetpack_memberships_contains_paid_content":false,"footnotes":"","jetpack_publicize_message":"","jetpack_publicize_feature_enabled":true,"jetpack_social_post_already_shared":false,"jetpack_social_options":{"image_generator_settings":{"template":"highway","default_image_id":0,"font":"","enabled":false},"version":2}},"categories":[2],"tags":[],"class_list":["post-16867","post","type-post","status-publish","format-standard","has-post-thumbnail","hentry","category-1-mannschaft"],"jetpack_publicize_connections":[],"jetpack_featured_media_url":"https:\/\/i0.wp.com\/www.svzweckel.de\/wp-content\/uploads\/DSC00025.jpg?fit=800%2C533&ssl=1","jetpack_sharing_enabled":true,"_links":{"self":[{"href":"https:\/\/www.svzweckel.de\/index.php?rest_route=\/wp\/v2\/posts\/16867","targetHints":{"allow":["GET"]}}],"collection":[{"href":"https:\/\/www.svzweckel.de\/index.php?rest_route=\/wp\/v2\/posts"}],"about":[{"href":"https:\/\/www.svzweckel.de\/index.php?rest_route=\/wp\/v2\/types\/post"}],"author":[{"embeddable":true,"href":"https:\/\/www.svzweckel.de\/index.php?rest_route=\/wp\/v2\/users\/3"}],"replies":[{"embeddable":true,"href":"https:\/\/www.svzweckel.de\/index.php?rest_route=%2Fwp%2Fv2%2Fcomments&post=16867"}],"version-history":[{"count":4,"href":"https:\/\/www.svzweckel.de\/index.php?rest_route=\/wp\/v2\/posts\/16867\/revisions"}],"predecessor-version":[{"id":16873,"href":"https:\/\/www.svzweckel.de\/index.php?rest_route=\/wp\/v2\/posts\/16867\/revisions\/16873"}],"wp:featuredmedia":[{"embeddable":true,"href":"https:\/\/www.svzweckel.de\/index.php?rest_route=\/wp\/v2\/media\/16870"}],"wp:attachment":[{"href":"https:\/\/www.svzweckel.de\/index.php?rest_route=%2Fwp%2Fv2%2Fmedia&parent=16867"}],"wp:term":[{"taxonomy":"category","embeddable":true,"href":"https:\/\/www.svzweckel.de\/index.php?rest_route=%2Fwp%2Fv2%2Fcategories&post=16867"},{"taxonomy":"post_tag","embeddable":true,"href":"https:\/\/www.svzweckel.de\/index.php?rest_route=%2Fwp%2Fv2%2Ftags&post=16867"}],"curies":[{"name":"wp","href":"https:\/\/api.w.org\/{rel}","templated":true}]}}