{"id":16877,"date":"2024-05-20T19:43:24","date_gmt":"2024-05-20T17:43:24","guid":{"rendered":"https:\/\/www.svzweckel.de\/?p=16877"},"modified":"2024-05-20T19:43:25","modified_gmt":"2024-05-20T17:43:25","slug":"die-serie-haelt-2","status":"publish","type":"post","link":"https:\/\/www.svzweckel.de\/?p=16877","title":{"rendered":"Die Serie h\u00e4lt!"},"content":{"rendered":"\n<p>Viktoria Resse &#8211; SV Zweckel 1:1 (0:0)<\/p>\n\n\n\n<p>Der SV Zweckel hat auch beim Abstiegskandidaten in Resse eine gute Leistung gezeigt und etwas ungl\u00fccklich den Sieg verspielt.<\/p>\n\n\n\n<p>Die Gastgeber wollten ihr erstes &#8222;Endspiel&#8220; allerdings auch gewinnen und versuchten die Zweckeler hoch anzulaufen. Die G\u00e4ste konnten jedoch aus einer sicheren Abwehr das Spiel immer wieder gut er\u00f6ffnen und lie\u00dfen der Viktoria keine Chance, die Zweckeler Abwehr in Verlegenheit zu bringen. Dario Schierenberg verlebte im Zweckeler Tor einen geruhsamen Nachmittag und konnte sich nur selten auszeichnen. Im Gegensatz zu den letzten Wochen waren die Schwarz-Gr\u00fcnen am heutigen Sonntag nicht so zielstrebig und lie\u00dfen manchmal den Zug zum Tor vermissen. <\/p>\n\n\n\n<p>Das Br\u00fcderpaar Marcel und Moritz Heidenreich stand Trainer Marc Bahl nicht zur Verf\u00fcgung, so dass Milad Sahebzada wieder in die Startelf r\u00fcckte. Auf dem holprigen Rasen auf der Sportanlage &#8222;Im Emscherbruch&#8220; kamen fast so etwas wie Heimatgef\u00fchle f\u00fcr viele Zweckeler auf, denn der Ball sprang hin und wieder in Richtungen, welche die Akteure nicht beabsichtigt hatten.<\/p>\n\n\n\n<p>Bis zur Halbzeit pl\u00e4tscherte das Spiel so hin und es passierte recht wenig, auch wenn die Zweckeler den reiferen Auftritt hinlegten. <\/p>\n\n\n\n<p>Nach der Pause versuchten es die Resser mit einer anderen Einstellung und k\u00e4mpften um jeden Ball. Damit konnten sie die Zweckeler jedoch nicht beeindrucken, denn es ergaben sich immer wieder Chancen f\u00fcr die G\u00e4ste.<\/p>\n\n\n\n<p>In der 54. Minute erzielten die Zweckeler durch Enes Aldirmaz mit einem Kopfball die verdiente F\u00fchrung nach einem Eckball.<\/p>\n\n\n\n<figure class=\"wp-block-image size-large is-resized\"><img data-recalc-dims=\"1\" loading=\"lazy\" decoding=\"async\" width=\"640\" height=\"360\" src=\"https:\/\/i0.wp.com\/www.svzweckel.de\/wp-content\/uploads\/wp-17162111303227232613407920628572.jpg?resize=640%2C360&#038;ssl=1\" alt=\"\" class=\"wp-image-16874\" style=\"width:840px;height:auto\" srcset=\"https:\/\/i0.wp.com\/www.svzweckel.de\/wp-content\/uploads\/wp-17162111303227232613407920628572.jpg?resize=800%2C450&amp;ssl=1 800w, https:\/\/i0.wp.com\/www.svzweckel.de\/wp-content\/uploads\/wp-17162111303227232613407920628572.jpg?resize=300%2C169&amp;ssl=1 300w, https:\/\/i0.wp.com\/www.svzweckel.de\/wp-content\/uploads\/wp-17162111303227232613407920628572.jpg?resize=150%2C84&amp;ssl=1 150w, https:\/\/i0.wp.com\/www.svzweckel.de\/wp-content\/uploads\/wp-17162111303227232613407920628572.jpg?resize=768%2C432&amp;ssl=1 768w, https:\/\/i0.wp.com\/www.svzweckel.de\/wp-content\/uploads\/wp-17162111303227232613407920628572.jpg?resize=1536%2C864&amp;ssl=1 1536w, https:\/\/i0.wp.com\/www.svzweckel.de\/wp-content\/uploads\/wp-17162111303227232613407920628572.jpg?resize=640%2C360&amp;ssl=1 640w, https:\/\/i0.wp.com\/www.svzweckel.de\/wp-content\/uploads\/wp-17162111303227232613407920628572.jpg?resize=100%2C56&amp;ssl=1 100w, https:\/\/i0.wp.com\/www.svzweckel.de\/wp-content\/uploads\/wp-17162111303227232613407920628572.jpg?resize=50%2C28&amp;ssl=1 50w, https:\/\/i0.wp.com\/www.svzweckel.de\/wp-content\/uploads\/wp-17162111303227232613407920628572.jpg?resize=25%2C14&amp;ssl=1 25w, https:\/\/i0.wp.com\/www.svzweckel.de\/wp-content\/uploads\/wp-17162111303227232613407920628572.jpg?resize=569%2C320&amp;ssl=1 569w, https:\/\/i0.wp.com\/www.svzweckel.de\/wp-content\/uploads\/wp-17162111303227232613407920628572.jpg?resize=160%2C90&amp;ssl=1 160w, https:\/\/i0.wp.com\/www.svzweckel.de\/wp-content\/uploads\/wp-17162111303227232613407920628572.jpg?w=2000&amp;ssl=1 2000w, https:\/\/i0.wp.com\/www.svzweckel.de\/wp-content\/uploads\/wp-17162111303227232613407920628572.jpg?w=1280&amp;ssl=1 1280w, https:\/\/i0.wp.com\/www.svzweckel.de\/wp-content\/uploads\/wp-17162111303227232613407920628572.jpg?w=1920&amp;ssl=1 1920w\" sizes=\"auto, (max-width: 640px) 100vw, 640px\" \/><\/figure>\n\n\n\n<p>Danach versuchten es die G\u00e4ste mit Macht, den Ausgleich zu erzielen, denn nach den zwischenzeitlich bekannten Pausenst\u00e4nden mussten die Resser gewinnen, da Herne 70 gegen Recklinghausen in F\u00fchrung lag und den Abstand damit auf 4 Punkte vergr\u00f6\u00dferte.<\/p>\n\n\n\n<p>In der Folge spielten die Zweckeler die vielen Konterchancen nicht sauber zu Ende und konnten die F\u00fchrung nicht erh\u00f6hen. Hierbei spielte allerdings auch der Schiedsrichter Schicksal, denn er versagte den G\u00e4sten einen 100prozentigen Elfmeterpfiff. Selbst die Bank der Gastgeber gab sofort zu, dass es ein mehr als gerechter Pfiff gewesen w\u00e4re.<\/p>\n\n\n\n<p>Nun kam etwas Hektik auf und der Schiedsrichter verlor mehr und mehr die \u00dcbersicht. Es kam zu einigen unfairen Aktionen, bei denen der Mann in &#8222;Gelb&#8220; kaum Akzente setzte. Jan Schwers sprintete in der 85. Minute alleine aufs Tor zu und wurde durch eine Gr\u00e4tsche des &#8222;letzten&#8220; Mannes mehr als unsanft von den Beinen geholt. Statt dieses mir einer roten Karte zu ahnden, zeigte der Unparteiische nur den gelben Karton. <\/p>\n\n\n\n<p>Auch vor dem Ausgleich lie\u00df er f\u00fcr die G\u00e4ste Gnade vor Recht ergehen und verzichtete auf einen Pfiff nach einem klaren Foulspiel an dem A-Junior Nazif Nawrot. Den daraus resultierden Vorteil nutzten die Gastgeber zum Ausgleich. Dabei blieb es allerdings, da sich die Zweckeler keine weitere Bl\u00f6\u00dfe erlaubten und somit auch das 11. Spiel in Folge eine Niederlage vermeiden konnnten. <\/p>\n","protected":false},"excerpt":{"rendered":"<p>Viktoria Resse &#8211; SV Zweckel 1:1 (0:0) Der SV Zweckel hat auch beim Abstiegskandidaten in Resse eine gute Leistung gezeigt und etwas ungl\u00fccklich den Sieg verspielt. Die Gastgeber wollten ihr erstes &#8222;Endspiel&#8220; allerdings auch gewinnen und versuchten die Zweckeler hoch anzulaufen. Die G\u00e4ste konnten jedoch aus einer sicheren Abwehr das Spiel immer wieder gut er\u00f6ffnen [&hellip;]<\/p>\n","protected":false},"author":3,"featured_media":16875,"comment_status":"open","ping_status":"closed","sticky":false,"template":"","format":"standard","meta":{"_jetpack_memberships_contains_paid_content":false,"footnotes":"","jetpack_publicize_message":"","jetpack_publicize_feature_enabled":true,"jetpack_social_post_already_shared":false,"jetpack_social_options":{"image_generator_settings":{"template":"highway","default_image_id":0,"font":"","enabled":false},"version":2}},"categories":[2],"tags":[],"class_list":["post-16877","post","type-post","status-publish","format-standard","has-post-thumbnail","hentry","category-1-mannschaft"],"jetpack_publicize_connections":[],"jetpack_featured_media_url":"https:\/\/i0.wp.com\/www.svzweckel.de\/wp-content\/uploads\/wp-17162111795285380917397390040895.jpg?fit=2000%2C1125&ssl=1","jetpack_sharing_enabled":true,"_links":{"self":[{"href":"https:\/\/www.svzweckel.de\/index.php?rest_route=\/wp\/v2\/posts\/16877","targetHints":{"allow":["GET"]}}],"collection":[{"href":"https:\/\/www.svzweckel.de\/index.php?rest_route=\/wp\/v2\/posts"}],"about":[{"href":"https:\/\/www.svzweckel.de\/index.php?rest_route=\/wp\/v2\/types\/post"}],"author":[{"embeddable":true,"href":"https:\/\/www.svzweckel.de\/index.php?rest_route=\/wp\/v2\/users\/3"}],"replies":[{"embeddable":true,"href":"https:\/\/www.svzweckel.de\/index.php?rest_route=%2Fwp%2Fv2%2Fcomments&post=16877"}],"version-history":[{"count":2,"href":"https:\/\/www.svzweckel.de\/index.php?rest_route=\/wp\/v2\/posts\/16877\/revisions"}],"predecessor-version":[{"id":16879,"href":"https:\/\/www.svzweckel.de\/index.php?rest_route=\/wp\/v2\/posts\/16877\/revisions\/16879"}],"wp:featuredmedia":[{"embeddable":true,"href":"https:\/\/www.svzweckel.de\/index.php?rest_route=\/wp\/v2\/media\/16875"}],"wp:attachment":[{"href":"https:\/\/www.svzweckel.de\/index.php?rest_route=%2Fwp%2Fv2%2Fmedia&parent=16877"}],"wp:term":[{"taxonomy":"category","embeddable":true,"href":"https:\/\/www.svzweckel.de\/index.php?rest_route=%2Fwp%2Fv2%2Fcategories&post=16877"},{"taxonomy":"post_tag","embeddable":true,"href":"https:\/\/www.svzweckel.de\/index.php?rest_route=%2Fwp%2Fv2%2Ftags&post=16877"}],"curies":[{"name":"wp","href":"https:\/\/api.w.org\/{rel}","templated":true}]}}