{"id":17067,"date":"2024-07-15T17:16:54","date_gmt":"2024-07-15T15:16:54","guid":{"rendered":"https:\/\/www.svzweckel.de\/?p=17067"},"modified":"2024-07-15T17:16:55","modified_gmt":"2024-07-15T15:16:55","slug":"asche-vom-zweckeler-platz-am-zweckeler-platz","status":"publish","type":"post","link":"https:\/\/www.svzweckel.de\/?p=17067","title":{"rendered":"Asche vom Zweckeler Platz am Zweckeler Platz"},"content":{"rendered":"\n<p>Am letzten Freitag sorgte ein Gewitterregen am Nachmittag daf\u00fcr, dass es eine ungewollte Verbindung zwischen dem Platz des SV Zweckel und dem Zweckeler Platz vor der Herz-Jesu-Kirche in Zweckel gab.<\/p>\n\n\n\n<p>Starkregen sp\u00fclte in erheblichem Umfang rote Asche aus dem K\u00e4fig auf die Dorstener Stra\u00dfe und durch das Gef\u00e4lle in Richtung Kirche. Auf dem Beitragsfoto sind die rotgef\u00e4rbten Wassermassen deutlich zu erkennen. <\/p>\n","protected":false},"excerpt":{"rendered":"<p>Am letzten Freitag sorgte ein Gewitterregen am Nachmittag daf\u00fcr, dass es eine ungewollte Verbindung zwischen dem Platz des SV Zweckel und dem Zweckeler Platz vor der Herz-Jesu-Kirche in Zweckel gab. Starkregen sp\u00fclte in erheblichem Umfang rote Asche aus dem K\u00e4fig auf die Dorstener Stra\u00dfe und durch das Gef\u00e4lle in Richtung Kirche. Auf dem Beitragsfoto sind [&hellip;]<\/p>\n","protected":false},"author":3,"featured_media":17068,"comment_status":"open","ping_status":"closed","sticky":false,"template":"","format":"standard","meta":{"_jetpack_memberships_contains_paid_content":false,"footnotes":"","jetpack_publicize_message":"","jetpack_publicize_feature_enabled":true,"jetpack_social_post_already_shared":false,"jetpack_social_options":{"image_generator_settings":{"template":"highway","default_image_id":0,"font":"","enabled":false},"version":2}},"categories":[3],"tags":[],"class_list":["post-17067","post","type-post","status-publish","format-standard","has-post-thumbnail","hentry","category-allgemein"],"jetpack_publicize_connections":[],"jetpack_featured_media_url":"https:\/\/i0.wp.com\/www.svzweckel.de\/wp-content\/uploads\/Regen-12.-Juli-Zweckel.jpg?fit=800%2C533&ssl=1","jetpack_sharing_enabled":true,"_links":{"self":[{"href":"https:\/\/www.svzweckel.de\/index.php?rest_route=\/wp\/v2\/posts\/17067","targetHints":{"allow":["GET"]}}],"collection":[{"href":"https:\/\/www.svzweckel.de\/index.php?rest_route=\/wp\/v2\/posts"}],"about":[{"href":"https:\/\/www.svzweckel.de\/index.php?rest_route=\/wp\/v2\/types\/post"}],"author":[{"embeddable":true,"href":"https:\/\/www.svzweckel.de\/index.php?rest_route=\/wp\/v2\/users\/3"}],"replies":[{"embeddable":true,"href":"https:\/\/www.svzweckel.de\/index.php?rest_route=%2Fwp%2Fv2%2Fcomments&post=17067"}],"version-history":[{"count":1,"href":"https:\/\/www.svzweckel.de\/index.php?rest_route=\/wp\/v2\/posts\/17067\/revisions"}],"predecessor-version":[{"id":17069,"href":"https:\/\/www.svzweckel.de\/index.php?rest_route=\/wp\/v2\/posts\/17067\/revisions\/17069"}],"wp:featuredmedia":[{"embeddable":true,"href":"https:\/\/www.svzweckel.de\/index.php?rest_route=\/wp\/v2\/media\/17068"}],"wp:attachment":[{"href":"https:\/\/www.svzweckel.de\/index.php?rest_route=%2Fwp%2Fv2%2Fmedia&parent=17067"}],"wp:term":[{"taxonomy":"category","embeddable":true,"href":"https:\/\/www.svzweckel.de\/index.php?rest_route=%2Fwp%2Fv2%2Fcategories&post=17067"},{"taxonomy":"post_tag","embeddable":true,"href":"https:\/\/www.svzweckel.de\/index.php?rest_route=%2Fwp%2Fv2%2Ftags&post=17067"}],"curies":[{"name":"wp","href":"https:\/\/api.w.org\/{rel}","templated":true}]}}