{"id":1709,"date":"2014-12-17T19:40:19","date_gmt":"2014-12-17T19:40:19","guid":{"rendered":"http:\/\/www.svzweckel.de\/?p=1709"},"modified":"2014-12-17T19:40:35","modified_gmt":"2014-12-17T19:40:35","slug":"balsam-fuer-die-zweckeler-seele-waz-vom-15-12-14","status":"publish","type":"post","link":"https:\/\/www.svzweckel.de\/?p=1709","title":{"rendered":"Balsam f\u00fcr die Zweckeler Seele (WAZ vom 15.12.14)"},"content":{"rendered":"<div>Gladbeck. Vier Punkte aus zwei Spielen gegen Top-Teams vers\u00fc\u00dfen dem abstiegsgef\u00e4hrdeten Gladbecker Oberligisten SV Zweckel den Jahresausklang.Dass dem SV Zweckel gerade der so triste Dezember innerhalb von einer Woche zwei lichte Momente bescheren w\u00fcrde, war nicht zu erwarten. Dem 3:2-Heimsieg gegen Tabellenf\u00fchrer Ahlen lie\u00dfen die Schwarz-Gr\u00fcnen aus dem Gladbecker Norden nun ein 1:1 beim Dritten, dem SC Roland Beckum, folgen. Wenngleich der SVZ nach wie vor auf dem vorletzten und damit einem direkten Abstiegsplatz klebt, wieviel schwieriger w\u00e4re die Lage ohne diese vier Z\u00e4hler, die das Punktekonto der Gr\u00fcnhemden von neun auf 13 hat anwachsen lassen? Schlie\u00dflich hat die Konkurrenz im Kampf gegen den Abstieg ihrerseits ordentlich gepunktet in den zur\u00fcckliegenden Wochen. Ganz zu schweigen vom positiven Effekt, die die j\u00fcngsten Resultate auf die Psyche von Spielern und Trainer haben d\u00fcrfte. Aufbruch- statt Trauerstimmung an der Dorstener Stra\u00dfe.<br \/>\nVorteilsangebot<br \/>\nP\u00fcnktlich zu Weihnachten bieten wir im Rahmen einer Kooperation mit Sparhandy exklusive Vorteilsangebote mit einer Allnet-Flatrate im Netz der Telekom, Apple iphone 6 und iPad Air 2 zu Bestpreisen!<\/p>\n<p>S\u00fc\u00dfe Ironie dabei: Jan Trampes Siegtreffer gegen Ahlen und Can Ucars Ausgleich in Beckum fielen in der Nachspielzeit respektive den Schlussminuten, jene Phase also, in der Zweckel zuvor in sch\u00f6ner Regelm\u00e4\u00dfigkeit Punkte hatte liegen lassen. \u201eDas ist aller Ehren wert\u201c, schmeichelte SVZ-Coach G\u00fcnter Appelt seiner Mannschaft. Ob man sich nicht dennoch Sorgen mache, noch etwas l\u00e4nger im Abstiegskampf zu stecken? \u201eDas brauchen wir gar nicht\u201c, erkl\u00e4rt Appelt im Gespr\u00e4ch mit dem \u201eRevierSport\u201c, \u201eweil wir damit nichts zu tun haben werden.\u201c Eine klare Ansage &#8211; die er wie folgt begr\u00fcndet: \u201eSieben Tore aus den letzten drei Spielen sprechen eine deutliche Sprache. Die Tendenz geht ganz klar nach oben.\u201c<\/p>\n<p>Karsten Quante, Trainer des VfB H\u00fcls, hat aktuell zwar noch vier Z\u00e4hler mehr vorzuweisen als sein Gladbecker Kollege, Quantes Sorgen aber d\u00fcrften nach der f\u00fcnften Pleite in Serie ungleich gr\u00f6\u00dfer sein. \u201eDas ist eine sehr ungl\u00fcckliche Niederlage f\u00fcr uns, wir haben unverdient verloren\u201c, monierte der Marler \u00dcbungsleiter nach dem 1:2 bei Eintracht Rheine. Der Ex-Zweckeler Marco Onucka sah kurz vor Ende auch noch die gelb-rote Karte. Quante: \u201eMarco verstand die Welt nicht mehr, auch f\u00fcr mich war das kein absichtliches Handspiel.<\/p>\n<\/div>\n","protected":false},"excerpt":{"rendered":"<p>Gladbeck. Vier Punkte aus zwei Spielen gegen Top-Teams vers\u00fc\u00dfen dem abstiegsgef\u00e4hrdeten Gladbecker Oberligisten SV Zweckel den Jahresausklang.Dass dem SV Zweckel gerade der so triste Dezember innerhalb von einer Woche zwei lichte Momente bescheren w\u00fcrde, war nicht zu erwarten. Dem 3:2-Heimsieg gegen Tabellenf\u00fchrer Ahlen lie\u00dfen die Schwarz-Gr\u00fcnen aus dem Gladbecker Norden nun ein 1:1 beim Dritten, [&hellip;]<\/p>\n","protected":false},"author":3,"featured_media":1710,"comment_status":"open","ping_status":"open","sticky":false,"template":"","format":"standard","meta":{"_jetpack_memberships_contains_paid_content":false,"footnotes":"","jetpack_publicize_message":"","jetpack_publicize_feature_enabled":true,"jetpack_social_post_already_shared":false,"jetpack_social_options":{"image_generator_settings":{"template":"highway","default_image_id":0,"font":"","enabled":false},"version":2}},"categories":[2],"tags":[],"class_list":["post-1709","post","type-post","status-publish","format-standard","has-post-thumbnail","hentry","category-1-mannschaft"],"jetpack_publicize_connections":[],"jetpack_featured_media_url":"https:\/\/i0.wp.com\/www.svzweckel.de\/wp-content\/uploads\/2014\/12\/SVZ-Devin-M%C3%BCller.jpg?fit=616%2C225&ssl=1","jetpack_sharing_enabled":true,"_links":{"self":[{"href":"https:\/\/www.svzweckel.de\/index.php?rest_route=\/wp\/v2\/posts\/1709","targetHints":{"allow":["GET"]}}],"collection":[{"href":"https:\/\/www.svzweckel.de\/index.php?rest_route=\/wp\/v2\/posts"}],"about":[{"href":"https:\/\/www.svzweckel.de\/index.php?rest_route=\/wp\/v2\/types\/post"}],"author":[{"embeddable":true,"href":"https:\/\/www.svzweckel.de\/index.php?rest_route=\/wp\/v2\/users\/3"}],"replies":[{"embeddable":true,"href":"https:\/\/www.svzweckel.de\/index.php?rest_route=%2Fwp%2Fv2%2Fcomments&post=1709"}],"version-history":[{"count":0,"href":"https:\/\/www.svzweckel.de\/index.php?rest_route=\/wp\/v2\/posts\/1709\/revisions"}],"wp:featuredmedia":[{"embeddable":true,"href":"https:\/\/www.svzweckel.de\/index.php?rest_route=\/wp\/v2\/media\/1710"}],"wp:attachment":[{"href":"https:\/\/www.svzweckel.de\/index.php?rest_route=%2Fwp%2Fv2%2Fmedia&parent=1709"}],"wp:term":[{"taxonomy":"category","embeddable":true,"href":"https:\/\/www.svzweckel.de\/index.php?rest_route=%2Fwp%2Fv2%2Fcategories&post=1709"},{"taxonomy":"post_tag","embeddable":true,"href":"https:\/\/www.svzweckel.de\/index.php?rest_route=%2Fwp%2Fv2%2Ftags&post=1709"}],"curies":[{"name":"wp","href":"https:\/\/api.w.org\/{rel}","templated":true}]}}