{"id":17168,"date":"2024-08-02T16:16:57","date_gmt":"2024-08-02T14:16:57","guid":{"rendered":"https:\/\/www.svzweckel.de\/?p=17168"},"modified":"2024-08-02T16:24:20","modified_gmt":"2024-08-02T14:24:20","slug":"sportplatzumbau-update-7","status":"publish","type":"post","link":"https:\/\/www.svzweckel.de\/?p=17168","title":{"rendered":"Sportplatzumbau Update"},"content":{"rendered":"\n<p>Nach Auskunft der Stadtverwaltung Gladbeck lieg der Sportplatzumbau voll im Zeiptlan. Die Fertigstellung wird immer noch f\u00fcr Ende August bzw. Anfang September angestrebt, so lange die Wetterverh\u00e4ltnisse den Bauarbeiten keinen Strich durch die Rechnung machen.<\/p>\n\n\n\n<p>Derzeit wird die Baustelle ger\u00e4umt, so dass in der n\u00e4chsten Woche durch die Fa. Polytan die elastishe Tragschicht f\u00fcr den Kunstrasen aufgebracht werden kann.<\/p>\n\n\n\n<figure class=\"wp-block-image size-large is-resized\"><img data-recalc-dims=\"1\" loading=\"lazy\" decoding=\"async\" width=\"640\" height=\"480\" src=\"https:\/\/i0.wp.com\/www.svzweckel.de\/wp-content\/uploads\/WhatsApp-Bild-2024-08-02-um-11.42.57_64c4969e.jpg?resize=640%2C480&#038;ssl=1\" alt=\"\" class=\"wp-image-17169\" style=\"width:840px;height:auto\" srcset=\"https:\/\/i0.wp.com\/www.svzweckel.de\/wp-content\/uploads\/WhatsApp-Bild-2024-08-02-um-11.42.57_64c4969e.jpg?resize=800%2C600&amp;ssl=1 800w, https:\/\/i0.wp.com\/www.svzweckel.de\/wp-content\/uploads\/WhatsApp-Bild-2024-08-02-um-11.42.57_64c4969e.jpg?resize=300%2C225&amp;ssl=1 300w, https:\/\/i0.wp.com\/www.svzweckel.de\/wp-content\/uploads\/WhatsApp-Bild-2024-08-02-um-11.42.57_64c4969e.jpg?resize=150%2C113&amp;ssl=1 150w, https:\/\/i0.wp.com\/www.svzweckel.de\/wp-content\/uploads\/WhatsApp-Bild-2024-08-02-um-11.42.57_64c4969e.jpg?resize=768%2C576&amp;ssl=1 768w, https:\/\/i0.wp.com\/www.svzweckel.de\/wp-content\/uploads\/WhatsApp-Bild-2024-08-02-um-11.42.57_64c4969e.jpg?resize=1536%2C1152&amp;ssl=1 1536w, https:\/\/i0.wp.com\/www.svzweckel.de\/wp-content\/uploads\/WhatsApp-Bild-2024-08-02-um-11.42.57_64c4969e.jpg?resize=100%2C75&amp;ssl=1 100w, https:\/\/i0.wp.com\/www.svzweckel.de\/wp-content\/uploads\/WhatsApp-Bild-2024-08-02-um-11.42.57_64c4969e.jpg?resize=50%2C38&amp;ssl=1 50w, https:\/\/i0.wp.com\/www.svzweckel.de\/wp-content\/uploads\/WhatsApp-Bild-2024-08-02-um-11.42.57_64c4969e.jpg?resize=25%2C19&amp;ssl=1 25w, https:\/\/i0.wp.com\/www.svzweckel.de\/wp-content\/uploads\/WhatsApp-Bild-2024-08-02-um-11.42.57_64c4969e.jpg?resize=427%2C320&amp;ssl=1 427w, https:\/\/i0.wp.com\/www.svzweckel.de\/wp-content\/uploads\/WhatsApp-Bild-2024-08-02-um-11.42.57_64c4969e.jpg?resize=160%2C120&amp;ssl=1 160w, https:\/\/i0.wp.com\/www.svzweckel.de\/wp-content\/uploads\/WhatsApp-Bild-2024-08-02-um-11.42.57_64c4969e.jpg?w=2000&amp;ssl=1 2000w, https:\/\/i0.wp.com\/www.svzweckel.de\/wp-content\/uploads\/WhatsApp-Bild-2024-08-02-um-11.42.57_64c4969e.jpg?w=1280&amp;ssl=1 1280w, https:\/\/i0.wp.com\/www.svzweckel.de\/wp-content\/uploads\/WhatsApp-Bild-2024-08-02-um-11.42.57_64c4969e.jpg?w=1920&amp;ssl=1 1920w\" sizes=\"auto, (max-width: 640px) 100vw, 640px\" \/><\/figure>\n\n\n\n<figure class=\"wp-block-image size-large is-resized\"><img data-recalc-dims=\"1\" loading=\"lazy\" decoding=\"async\" width=\"640\" height=\"480\" src=\"https:\/\/i0.wp.com\/www.svzweckel.de\/wp-content\/uploads\/WhatsApp-Bild-2024-08-02-um-11.42.57_ad97686f.jpg?resize=640%2C480&#038;ssl=1\" alt=\"\" class=\"wp-image-17171\" style=\"width:840px;height:auto\" srcset=\"https:\/\/i0.wp.com\/www.svzweckel.de\/wp-content\/uploads\/WhatsApp-Bild-2024-08-02-um-11.42.57_ad97686f.jpg?resize=800%2C600&amp;ssl=1 800w, https:\/\/i0.wp.com\/www.svzweckel.de\/wp-content\/uploads\/WhatsApp-Bild-2024-08-02-um-11.42.57_ad97686f.jpg?resize=300%2C225&amp;ssl=1 300w, https:\/\/i0.wp.com\/www.svzweckel.de\/wp-content\/uploads\/WhatsApp-Bild-2024-08-02-um-11.42.57_ad97686f.jpg?resize=150%2C113&amp;ssl=1 150w, https:\/\/i0.wp.com\/www.svzweckel.de\/wp-content\/uploads\/WhatsApp-Bild-2024-08-02-um-11.42.57_ad97686f.jpg?resize=768%2C576&amp;ssl=1 768w, https:\/\/i0.wp.com\/www.svzweckel.de\/wp-content\/uploads\/WhatsApp-Bild-2024-08-02-um-11.42.57_ad97686f.jpg?resize=1536%2C1152&amp;ssl=1 1536w, https:\/\/i0.wp.com\/www.svzweckel.de\/wp-content\/uploads\/WhatsApp-Bild-2024-08-02-um-11.42.57_ad97686f.jpg?resize=100%2C75&amp;ssl=1 100w, https:\/\/i0.wp.com\/www.svzweckel.de\/wp-content\/uploads\/WhatsApp-Bild-2024-08-02-um-11.42.57_ad97686f.jpg?resize=50%2C38&amp;ssl=1 50w, https:\/\/i0.wp.com\/www.svzweckel.de\/wp-content\/uploads\/WhatsApp-Bild-2024-08-02-um-11.42.57_ad97686f.jpg?resize=25%2C19&amp;ssl=1 25w, https:\/\/i0.wp.com\/www.svzweckel.de\/wp-content\/uploads\/WhatsApp-Bild-2024-08-02-um-11.42.57_ad97686f.jpg?resize=427%2C320&amp;ssl=1 427w, https:\/\/i0.wp.com\/www.svzweckel.de\/wp-content\/uploads\/WhatsApp-Bild-2024-08-02-um-11.42.57_ad97686f.jpg?resize=160%2C120&amp;ssl=1 160w, https:\/\/i0.wp.com\/www.svzweckel.de\/wp-content\/uploads\/WhatsApp-Bild-2024-08-02-um-11.42.57_ad97686f.jpg?w=2000&amp;ssl=1 2000w, https:\/\/i0.wp.com\/www.svzweckel.de\/wp-content\/uploads\/WhatsApp-Bild-2024-08-02-um-11.42.57_ad97686f.jpg?w=1280&amp;ssl=1 1280w, https:\/\/i0.wp.com\/www.svzweckel.de\/wp-content\/uploads\/WhatsApp-Bild-2024-08-02-um-11.42.57_ad97686f.jpg?w=1920&amp;ssl=1 1920w\" sizes=\"auto, (max-width: 640px) 100vw, 640px\" \/><\/figure>\n","protected":false},"excerpt":{"rendered":"<p>Nach Auskunft der Stadtverwaltung Gladbeck lieg der Sportplatzumbau voll im Zeiptlan. Die Fertigstellung wird immer noch f\u00fcr Ende August bzw. Anfang September angestrebt, so lange die Wetterverh\u00e4ltnisse den Bauarbeiten keinen Strich durch die Rechnung machen. Derzeit wird die Baustelle ger\u00e4umt, so dass in der n\u00e4chsten Woche durch die Fa. Polytan die elastishe Tragschicht f\u00fcr den [&hellip;]<\/p>\n","protected":false},"author":3,"featured_media":17170,"comment_status":"open","ping_status":"closed","sticky":false,"template":"","format":"standard","meta":{"_jetpack_memberships_contains_paid_content":false,"footnotes":"","jetpack_publicize_message":"","jetpack_publicize_feature_enabled":true,"jetpack_social_post_already_shared":true,"jetpack_social_options":{"image_generator_settings":{"template":"highway","default_image_id":0,"font":"","enabled":false},"version":2}},"categories":[3,32],"tags":[],"class_list":["post-17168","post","type-post","status-publish","format-standard","has-post-thumbnail","hentry","category-allgemein","category-verein"],"jetpack_publicize_connections":[],"jetpack_featured_media_url":"https:\/\/i0.wp.com\/www.svzweckel.de\/wp-content\/uploads\/WhatsApp-Bild-2024-08-02-um-11.42.57_89b57f26.jpg?fit=2000%2C1500&ssl=1","jetpack_sharing_enabled":true,"_links":{"self":[{"href":"https:\/\/www.svzweckel.de\/index.php?rest_route=\/wp\/v2\/posts\/17168","targetHints":{"allow":["GET"]}}],"collection":[{"href":"https:\/\/www.svzweckel.de\/index.php?rest_route=\/wp\/v2\/posts"}],"about":[{"href":"https:\/\/www.svzweckel.de\/index.php?rest_route=\/wp\/v2\/types\/post"}],"author":[{"embeddable":true,"href":"https:\/\/www.svzweckel.de\/index.php?rest_route=\/wp\/v2\/users\/3"}],"replies":[{"embeddable":true,"href":"https:\/\/www.svzweckel.de\/index.php?rest_route=%2Fwp%2Fv2%2Fcomments&post=17168"}],"version-history":[{"count":1,"href":"https:\/\/www.svzweckel.de\/index.php?rest_route=\/wp\/v2\/posts\/17168\/revisions"}],"predecessor-version":[{"id":17172,"href":"https:\/\/www.svzweckel.de\/index.php?rest_route=\/wp\/v2\/posts\/17168\/revisions\/17172"}],"wp:featuredmedia":[{"embeddable":true,"href":"https:\/\/www.svzweckel.de\/index.php?rest_route=\/wp\/v2\/media\/17170"}],"wp:attachment":[{"href":"https:\/\/www.svzweckel.de\/index.php?rest_route=%2Fwp%2Fv2%2Fmedia&parent=17168"}],"wp:term":[{"taxonomy":"category","embeddable":true,"href":"https:\/\/www.svzweckel.de\/index.php?rest_route=%2Fwp%2Fv2%2Fcategories&post=17168"},{"taxonomy":"post_tag","embeddable":true,"href":"https:\/\/www.svzweckel.de\/index.php?rest_route=%2Fwp%2Fv2%2Ftags&post=17168"}],"curies":[{"name":"wp","href":"https:\/\/api.w.org\/{rel}","templated":true}]}}