{"id":17177,"date":"2024-08-04T19:00:56","date_gmt":"2024-08-04T17:00:56","guid":{"rendered":"https:\/\/www.svzweckel.de\/?p=17177"},"modified":"2024-08-04T19:01:30","modified_gmt":"2024-08-04T17:01:30","slug":"generalprobe-gelungen-4","status":"publish","type":"post","link":"https:\/\/www.svzweckel.de\/?p=17177","title":{"rendered":"Generalprobe gelungen"},"content":{"rendered":"\n<p>BW Fuhlenbrock &#8211; SV Zweckel 3:5 (1:2)<\/p>\n\n\n\n<p>Beim ambitionierten A-Ligisten aus Fuhlenbrock konnten sich noch einmal alle Spieler der G\u00e4ste pr\u00e4sentieren, da Trainer Marc Bahl allen einsatzf\u00e4higen Spielern die Zeit daf\u00fcr gab. Auch Joel Gwiasda, der leider erst zum Jahreswechsel f\u00fcr Pflichtspiele frei ist, konnte in der zweiten H\u00e4lfte zeigen, dass er eine gute Vertretung f\u00fcr Dario Schierenberg sein k\u00f6nnte.<\/p>\n\n\n\n<p>Gegen engagierte Gastgeber gingen die Zweckeler in der 27. und 32. Minute durch Lukas Bergmann und Kubilay Miyanyedi mit 0:2 in F\u00fchrung. Lediglich zwei Minuten danach kamen die Fuhlenbrocker zum Anschlusstreffer. Mit diesem knappen Ergebnis wurden die Seiten gewechselt.<\/p>\n\n\n\n<p>Nach der Pause wechselte Marc Bahl acht frische Spieler ein und die Zweckeler erh\u00f6hten mit frischer Kraft durch einen sehenswerten Schuss von Sebastian Waldner auf 1:3. Paul Vogt erh\u00f6hte in der 58. Minute auf 1:4 aber die Zweckeler gingen etwas unachtsam in der Defensive zu Werke, da sie trotz klarer F\u00fchrung die Abwehr etwas entbl\u00f6\u00dften. Das f\u00fchrte zwangsl\u00e4ufig zu zwei weiteren Toren durch die Gastgeber.<\/p>\n\n\n\n<p>Kurz vor dem Ende der Partie machte jedoch Paul Vogt mit dem 3:5 den Deckel drauf und die Partie war entschieden.<\/p>\n\n\n\n<p>Sollten die Zweckeler in der Defensive stabil bleiben, ist auch am kommenden Freitag in Erle etwas zu holen, denn in der Offensive scheint es derzeit gut zu laufen, zumal sich am heutigen Tag der Kapit\u00e4n und Torj\u00e4ger der Zweckeler, Jan Schwers, nicht in der Aufstellung befand.<\/p>\n\n\n\n<p>In der laufenden Woche st\u00f6\u00dft dann auch Serkan K\u00f6se wieder zur Mannschaft dazu.<\/p>\n","protected":false},"excerpt":{"rendered":"<p>BW Fuhlenbrock &#8211; SV Zweckel 3:5 (1:2) Beim ambitionierten A-Ligisten aus Fuhlenbrock konnten sich noch einmal alle Spieler der G\u00e4ste pr\u00e4sentieren, da Trainer Marc Bahl allen einsatzf\u00e4higen Spielern die Zeit daf\u00fcr gab. Auch Joel Gwiasda, der leider erst zum Jahreswechsel f\u00fcr Pflichtspiele frei ist, konnte in der zweiten H\u00e4lfte zeigen, dass er eine gute Vertretung [&hellip;]<\/p>\n","protected":false},"author":3,"featured_media":17183,"comment_status":"open","ping_status":"closed","sticky":false,"template":"","format":"standard","meta":{"_jetpack_memberships_contains_paid_content":false,"footnotes":"","jetpack_publicize_message":"","jetpack_publicize_feature_enabled":true,"jetpack_social_post_already_shared":true,"jetpack_social_options":{"image_generator_settings":{"template":"highway","default_image_id":0,"font":"","enabled":false},"version":2}},"categories":[2,3],"tags":[],"class_list":["post-17177","post","type-post","status-publish","format-standard","has-post-thumbnail","hentry","category-1-mannschaft","category-allgemein"],"jetpack_publicize_connections":[],"jetpack_featured_media_url":"https:\/\/i0.wp.com\/www.svzweckel.de\/wp-content\/uploads\/wp-17227893697464913985543603642143.jpg?fit=2000%2C1125&ssl=1","jetpack_sharing_enabled":true,"_links":{"self":[{"href":"https:\/\/www.svzweckel.de\/index.php?rest_route=\/wp\/v2\/posts\/17177","targetHints":{"allow":["GET"]}}],"collection":[{"href":"https:\/\/www.svzweckel.de\/index.php?rest_route=\/wp\/v2\/posts"}],"about":[{"href":"https:\/\/www.svzweckel.de\/index.php?rest_route=\/wp\/v2\/types\/post"}],"author":[{"embeddable":true,"href":"https:\/\/www.svzweckel.de\/index.php?rest_route=\/wp\/v2\/users\/3"}],"replies":[{"embeddable":true,"href":"https:\/\/www.svzweckel.de\/index.php?rest_route=%2Fwp%2Fv2%2Fcomments&post=17177"}],"version-history":[{"count":2,"href":"https:\/\/www.svzweckel.de\/index.php?rest_route=\/wp\/v2\/posts\/17177\/revisions"}],"predecessor-version":[{"id":17188,"href":"https:\/\/www.svzweckel.de\/index.php?rest_route=\/wp\/v2\/posts\/17177\/revisions\/17188"}],"wp:featuredmedia":[{"embeddable":true,"href":"https:\/\/www.svzweckel.de\/index.php?rest_route=\/wp\/v2\/media\/17183"}],"wp:attachment":[{"href":"https:\/\/www.svzweckel.de\/index.php?rest_route=%2Fwp%2Fv2%2Fmedia&parent=17177"}],"wp:term":[{"taxonomy":"category","embeddable":true,"href":"https:\/\/www.svzweckel.de\/index.php?rest_route=%2Fwp%2Fv2%2Fcategories&post=17177"},{"taxonomy":"post_tag","embeddable":true,"href":"https:\/\/www.svzweckel.de\/index.php?rest_route=%2Fwp%2Fv2%2Ftags&post=17177"}],"curies":[{"name":"wp","href":"https:\/\/api.w.org\/{rel}","templated":true}]}}