{"id":17189,"date":"2024-08-06T10:31:07","date_gmt":"2024-08-06T08:31:07","guid":{"rendered":"https:\/\/www.svzweckel.de\/?p=17189"},"modified":"2024-08-06T10:31:11","modified_gmt":"2024-08-06T08:31:11","slug":"meisterschaftsbeginn-am-freitagabend-in-erle","status":"publish","type":"post","link":"https:\/\/www.svzweckel.de\/?p=17189","title":{"rendered":"Meisterschaftsbeginn am Freitagabend in Erle"},"content":{"rendered":"\n<p class=\"wp-block-paragraph\">Freitag, 09.08.2024, 19:00 Uhr: Erler SV 08 &#8211; SV Zweckel<\/p>\n\n\n\n<p class=\"wp-block-paragraph\">Endlich geht es los! Die junge Mannschaft des SV Zweckel freut sich auf den Meisterschaftsbeginn und m\u00f6chte in der kommenden Saison zeigen, dass sie mit jugendlicher Spielfreude in der Bezirksliga mithalten kann.<\/p>\n\n\n\n<p class=\"wp-block-paragraph\">Die Verantwortlichen des SV Zweckel wissen allerdings, dass es h\u00f6chstwahrscheinlich auch R\u00fcckschl\u00e4ge zu verkraften gibt, denn f\u00fcr viele Spieler ist es die erste Saison bei den Senioren und es d\u00fcrfte etwas dauern, bis sich alle Jungen an das Niveau und die k\u00f6rperliche Spielweise in dieser Klasse gew\u00f6hnt haben. <\/p>\n\n\n\n<p class=\"wp-block-paragraph\">Das Zustandekommen der Ergebnisse der Vorbereitungsspiele haben jedoch schon aufgezeigt, dass eine Menge Potenzial in der Truppe steckt, welches jedoch dauerhaft abgerufen und stabilisiert werden muss.<\/p>\n\n\n\n<p class=\"wp-block-paragraph\">Der erste Gegner hat sich in der neuen Saison mit 13 neuen Spielern verst\u00e4rkt, von denen der neue Trainer Tim Woberschal auch sechs von seinem letzten Verein aus Beckhausen mitbrachte. Au\u00dferdem haben die Erler noch zwei junge Spieler aus Buer an Land gezogen. <\/p>\n\n\n\n<p class=\"wp-block-paragraph\">Der SV Zweckel hat auch etliche Neuzug\u00e4nge zu verzeichnen, kommt allerdings aus anderen Tabellenregionen als Erle. W\u00e4hrend der Gastgeber in der letzten Saison immerhin den dritten Platz belegte, waren die Zweckeler schon froh, dass das Abstiegsgespenst drei Spieltage vor Saisonende vertrieben werden konnte. <\/p>\n\n\n\n<p class=\"wp-block-paragraph\">Am letzten Sonntag gewannen beide Vereine ihre letzten Vorbereitungsspiele und gehen damit gut ger\u00fcstet in die Spieltagser\u00f6ffnung der Bezirksliga 9. <\/p>\n\n\n\n<p class=\"wp-block-paragraph\">Erle gewann am letzten Sonntag \u00fcbrigens beim von Norman Seidel trainierten Bezirksligisten DJK Wattenscheid mit 3:6, gegen die der SV Zweckel 10 Tage zuvor noch mit 2:0 verloren hatte.<\/p>\n\n\n\n<p class=\"wp-block-paragraph\">Die Offensive der Erler war auch schon in der vergangenen Saison sehr schussstark und erzielte in 28 Spielen immerhin 76 Tore. Damit waren die Erler die drittst\u00e4rkste Offensive nach dem FC Marl mit 90 und Horst 08 mit 86 erzielten Treffern. In der Defensive war Erle jedoch etwas anf\u00e4lliger und kassierte mit 63 Toren immerhin 10 Tore mehr als der SV Zweckel.<\/p>\n\n\n\n<p class=\"wp-block-paragraph\">Die Fans des SV Zweckel sind gespannt, wie sich die Mannschaft in ihrem ersten Punktespiel pr\u00e4sentieren wird. F\u00fcr den in dieser Woche aus dem Urlaub zur\u00fcckkehrenden &#8222;Alterspr\u00e4sidenten&#8220; Serkan K\u00f6se d\u00fcrfte es f\u00fcr einen Auftritt in der Startformation wohl noch zu fr\u00fch sein.<\/p>\n","protected":false},"excerpt":{"rendered":"<p>Freitag, 09.08.2024, 19:00 Uhr: Erler SV 08 &#8211; SV Zweckel Endlich geht es los! Die junge Mannschaft des SV Zweckel freut sich auf den Meisterschaftsbeginn und m\u00f6chte in der kommenden Saison zeigen, dass sie mit jugendlicher Spielfreude in der Bezirksliga mithalten kann. Die Verantwortlichen des SV Zweckel wissen allerdings, dass es h\u00f6chstwahrscheinlich auch R\u00fcckschl\u00e4ge zu [&hellip;]<\/p>\n","protected":false},"author":3,"featured_media":17191,"comment_status":"open","ping_status":"closed","sticky":false,"template":"","format":"standard","meta":{"_jetpack_newsletter_access":"","_jetpack_dont_email_post_to_subs":false,"_jetpack_newsletter_tier_id":0,"_jetpack_memberships_contains_paywalled_content":false,"_jetpack_feature_clip_id":0,"_jetpack_memberships_contains_paid_content":false,"footnotes":"","jetpack_publicize_message":"","jetpack_publicize_feature_enabled":true,"jetpack_social_post_already_shared":true,"jetpack_social_options":{"image_generator_settings":{"template":"highway","default_image_id":0,"font":"","enabled":false},"version":2},"jetpack_post_was_ever_published":false},"categories":[2],"tags":[],"class_list":["post-17189","post","type-post","status-publish","format-standard","has-post-thumbnail","hentry","category-1-mannschaft"],"jetpack_publicize_connections":[],"jetpack_sharing_enabled":true,"jetpack_featured_media_url":"https:\/\/i0.wp.com\/www.svzweckel.de\/wp-content\/uploads\/24-Erste-1.jpg?fit=1652%2C1054&ssl=1","_links":{"self":[{"href":"https:\/\/www.svzweckel.de\/index.php?rest_route=\/wp\/v2\/posts\/17189","targetHints":{"allow":["GET"]}}],"collection":[{"href":"https:\/\/www.svzweckel.de\/index.php?rest_route=\/wp\/v2\/posts"}],"about":[{"href":"https:\/\/www.svzweckel.de\/index.php?rest_route=\/wp\/v2\/types\/post"}],"author":[{"embeddable":true,"href":"https:\/\/www.svzweckel.de\/index.php?rest_route=\/wp\/v2\/users\/3"}],"replies":[{"embeddable":true,"href":"https:\/\/www.svzweckel.de\/index.php?rest_route=%2Fwp%2Fv2%2Fcomments&post=17189"}],"version-history":[{"count":3,"href":"https:\/\/www.svzweckel.de\/index.php?rest_route=\/wp\/v2\/posts\/17189\/revisions"}],"predecessor-version":[{"id":17194,"href":"https:\/\/www.svzweckel.de\/index.php?rest_route=\/wp\/v2\/posts\/17189\/revisions\/17194"}],"wp:featuredmedia":[{"embeddable":true,"href":"https:\/\/www.svzweckel.de\/index.php?rest_route=\/wp\/v2\/media\/17191"}],"wp:attachment":[{"href":"https:\/\/www.svzweckel.de\/index.php?rest_route=%2Fwp%2Fv2%2Fmedia&parent=17189"}],"wp:term":[{"taxonomy":"category","embeddable":true,"href":"https:\/\/www.svzweckel.de\/index.php?rest_route=%2Fwp%2Fv2%2Fcategories&post=17189"},{"taxonomy":"post_tag","embeddable":true,"href":"https:\/\/www.svzweckel.de\/index.php?rest_route=%2Fwp%2Fv2%2Ftags&post=17189"}],"curies":[{"name":"wp","href":"https:\/\/api.w.org\/{rel}","templated":true}]}}