{"id":17225,"date":"2024-08-09T23:22:12","date_gmt":"2024-08-09T21:22:12","guid":{"rendered":"https:\/\/www.svzweckel.de\/?p=17225"},"modified":"2024-08-09T23:23:35","modified_gmt":"2024-08-09T21:23:35","slug":"auftaktsieg-in-erle","status":"publish","type":"post","link":"https:\/\/www.svzweckel.de\/?p=17225","title":{"rendered":"Auftaktsieg in Erle"},"content":{"rendered":"\n<p>Erler SV 08 &#8211; SV Zweckel 1:3 (1:1)<\/p>\n\n\n\n<p>Der gro\u00dfe junge Kader des SV Zweckel schwor sich vor dem ersten Saisonspiel in der Bezirksliga auf den Gegner ein und belohnte sich am Ende f\u00fcr eine couragierte Vorstellung.<\/p>\n\n\n\n<p>Nach einigen Minuten des Abtastens gingen beide Mannschaften in den Angriffsmodus \u00fcber. Jan Schwers, Milad Sahebzada und Dincer Erdem Kahraman scheiterten jedoch noch mit ihren Abschl\u00fcssen. Nach einer Unachtsamkeit in der Abwehr gingen die Gastgeber durch ein gl\u00fcckliches Tor mit 1:0 in F\u00fchrung. Ausgerechnet der Ex-Zweckeler B\u00fcnyamin Karag\u00fclmez traf ins Eckige.<\/p>\n\n\n\n<p>Die F\u00fchrung aus der 16. Minute hielt jedoch nur drei Minuten, denn der SV Zweckel reagierte nach dem R\u00fcckstand direkt und ging wieder in die Offensive. Jan Schwers umkurvte den Erler Torh\u00fcter und schob den Ball Richtung leeres Tor, traf jedoch nur den rechten Pfosten. Beim Abpraller war jedoch Dincer Erdem Kahraman zur Stelle und schob zum vielumjubelten Ausgleich ein. <\/p>\n\n\n\n<figure class=\"wp-block-image size-large is-resized\"><img data-recalc-dims=\"1\" loading=\"lazy\" decoding=\"async\" width=\"640\" height=\"360\" src=\"https:\/\/i0.wp.com\/www.svzweckel.de\/wp-content\/uploads\/wp-17232321982103122362414142394172.jpg?resize=640%2C360&#038;ssl=1\" alt=\"\" class=\"wp-image-17215\" style=\"width:840px;height:auto\" srcset=\"https:\/\/i0.wp.com\/www.svzweckel.de\/wp-content\/uploads\/wp-17232321982103122362414142394172.jpg?resize=800%2C450&amp;ssl=1 800w, https:\/\/i0.wp.com\/www.svzweckel.de\/wp-content\/uploads\/wp-17232321982103122362414142394172.jpg?resize=300%2C169&amp;ssl=1 300w, https:\/\/i0.wp.com\/www.svzweckel.de\/wp-content\/uploads\/wp-17232321982103122362414142394172.jpg?resize=150%2C84&amp;ssl=1 150w, https:\/\/i0.wp.com\/www.svzweckel.de\/wp-content\/uploads\/wp-17232321982103122362414142394172.jpg?resize=768%2C432&amp;ssl=1 768w, https:\/\/i0.wp.com\/www.svzweckel.de\/wp-content\/uploads\/wp-17232321982103122362414142394172.jpg?resize=1536%2C864&amp;ssl=1 1536w, https:\/\/i0.wp.com\/www.svzweckel.de\/wp-content\/uploads\/wp-17232321982103122362414142394172.jpg?resize=640%2C360&amp;ssl=1 640w, https:\/\/i0.wp.com\/www.svzweckel.de\/wp-content\/uploads\/wp-17232321982103122362414142394172.jpg?resize=100%2C56&amp;ssl=1 100w, https:\/\/i0.wp.com\/www.svzweckel.de\/wp-content\/uploads\/wp-17232321982103122362414142394172.jpg?resize=50%2C28&amp;ssl=1 50w, https:\/\/i0.wp.com\/www.svzweckel.de\/wp-content\/uploads\/wp-17232321982103122362414142394172.jpg?resize=25%2C14&amp;ssl=1 25w, https:\/\/i0.wp.com\/www.svzweckel.de\/wp-content\/uploads\/wp-17232321982103122362414142394172.jpg?resize=569%2C320&amp;ssl=1 569w, https:\/\/i0.wp.com\/www.svzweckel.de\/wp-content\/uploads\/wp-17232321982103122362414142394172.jpg?resize=160%2C90&amp;ssl=1 160w, https:\/\/i0.wp.com\/www.svzweckel.de\/wp-content\/uploads\/wp-17232321982103122362414142394172.jpg?w=2000&amp;ssl=1 2000w, https:\/\/i0.wp.com\/www.svzweckel.de\/wp-content\/uploads\/wp-17232321982103122362414142394172.jpg?w=1280&amp;ssl=1 1280w, https:\/\/i0.wp.com\/www.svzweckel.de\/wp-content\/uploads\/wp-17232321982103122362414142394172.jpg?w=1920&amp;ssl=1 1920w\" sizes=\"auto, (max-width: 640px) 100vw, 640px\" \/><\/figure>\n\n\n\n<p>In der Folge versuchten die Erler wieder die Initiative zu \u00fcbernehmen, die Zweckeler standen mit der Defensive allerdings ziemlich sicher. Mit gutem Spielaufbau und sch\u00f6nem Angriffsspiel \u00fcbernahmen dann die Zweckeler aber wieder die Kontrolle \u00fcber das Spiel.<\/p>\n\n\n\n<p>Mit dem 1:1 wurden die Seiten gewechselt und nach einer guten Stunde musste der angeschlagene Moritz Heidenreich das Spielfeld verlassen und der kurz vorher aus dem Urlaub zur\u00fcckgekehrte Serkan K\u00f6se sollte das Spiel mit seinem sicheren Aufbauspiel wieder f\u00fcr den SV Zweckel entwickeln. <\/p>\n\n\n\n<p>In der 55. Minute \u00fcberlief der agile Kapit\u00e4n Jan Schwers noch einmal die Abwehr, legte den Ball am herausst\u00fcrmenden Erler Keeper vorbei und wurde von diesem au\u00dferhalb der Box von den Beinen geholt. Allen Beteiligten war klar, dass dem Schiedsrichter nichts anderes \u00fcbrig blieb, als dem Erler Keeper die rote Karte zu zeigen. <\/p>\n\n\n\n<p>Mit dieser Entscheidung war klar, dass am heutigen Abend mehr drin war als ein Unentschieden. Die Zweckeler spielten in der zweiten Halbzeit \u00fcberlegen und boten dem Tabellendritten nicht nur einen guten Kampf, sondern waren auch das spielfreudigere Team. <\/p>\n\n\n\n<p>Es dauerte jedoch bis zur 78. Minute, bis die Schwarz-Gr\u00fcnen, die heute in Rot antreten mussten, da Erle in Gr\u00fcn auflief, in F\u00fchrung gingen. Der Kapit\u00e4n Jan Schwers lief in eine lange Flanke rein und traf den Ball mit dem Kopf, welcher vom linken an den rechten Torpfosten prallte und dann doch noch den Weg ins Netz fand.<\/p>\n\n\n\n<p>Erle warf trotz Unterzahl jetzt alles nach vorne, doch die Zweckeler Abwehr hielt. In der Folge ergaben sich f\u00fcr die G\u00e4ste tolle Konterchancen, die abermals Jan Schwers nach Vorlage von Marlon Boris mit einem gezielten Flachschuss mit links zum 1:3-Siegtor abschloss.<\/p>\n\n\n\n<p>Danach war nur noch Jubel beim Team und dem mitgereisten Anhang. Der SV Zweckel ist erstmalig seit langen Jahren Tabellenf\u00fchrer der Bezirksliga, wenn auch nur f\u00fcr zwei Tage. Die junge Zweckeler Mannschaft legte somit einen tollen Saisonstart hin und nimmt f\u00fcr die n\u00e4chsten Partien sicher viel Selbstvertrauen mit in die n\u00e4chsten schweren Partien gegen Hessler und Horst.<\/p>\n\n\n\n<figure class=\"wp-block-image size-large is-resized\"><img data-recalc-dims=\"1\" loading=\"lazy\" decoding=\"async\" width=\"640\" height=\"360\" src=\"https:\/\/i0.wp.com\/www.svzweckel.de\/wp-content\/uploads\/wp-17232321974541379467169131744460.jpg?resize=640%2C360&#038;ssl=1\" alt=\"\" class=\"wp-image-17211\" style=\"width:840px;height:auto\" srcset=\"https:\/\/i0.wp.com\/www.svzweckel.de\/wp-content\/uploads\/wp-17232321974541379467169131744460.jpg?resize=800%2C450&amp;ssl=1 800w, https:\/\/i0.wp.com\/www.svzweckel.de\/wp-content\/uploads\/wp-17232321974541379467169131744460.jpg?resize=300%2C169&amp;ssl=1 300w, https:\/\/i0.wp.com\/www.svzweckel.de\/wp-content\/uploads\/wp-17232321974541379467169131744460.jpg?resize=150%2C84&amp;ssl=1 150w, https:\/\/i0.wp.com\/www.svzweckel.de\/wp-content\/uploads\/wp-17232321974541379467169131744460.jpg?resize=768%2C432&amp;ssl=1 768w, https:\/\/i0.wp.com\/www.svzweckel.de\/wp-content\/uploads\/wp-17232321974541379467169131744460.jpg?resize=1536%2C864&amp;ssl=1 1536w, https:\/\/i0.wp.com\/www.svzweckel.de\/wp-content\/uploads\/wp-17232321974541379467169131744460.jpg?resize=640%2C360&amp;ssl=1 640w, https:\/\/i0.wp.com\/www.svzweckel.de\/wp-content\/uploads\/wp-17232321974541379467169131744460.jpg?resize=100%2C56&amp;ssl=1 100w, https:\/\/i0.wp.com\/www.svzweckel.de\/wp-content\/uploads\/wp-17232321974541379467169131744460.jpg?resize=50%2C28&amp;ssl=1 50w, https:\/\/i0.wp.com\/www.svzweckel.de\/wp-content\/uploads\/wp-17232321974541379467169131744460.jpg?resize=25%2C14&amp;ssl=1 25w, https:\/\/i0.wp.com\/www.svzweckel.de\/wp-content\/uploads\/wp-17232321974541379467169131744460.jpg?resize=569%2C320&amp;ssl=1 569w, https:\/\/i0.wp.com\/www.svzweckel.de\/wp-content\/uploads\/wp-17232321974541379467169131744460.jpg?resize=160%2C90&amp;ssl=1 160w, https:\/\/i0.wp.com\/www.svzweckel.de\/wp-content\/uploads\/wp-17232321974541379467169131744460.jpg?w=2000&amp;ssl=1 2000w, https:\/\/i0.wp.com\/www.svzweckel.de\/wp-content\/uploads\/wp-17232321974541379467169131744460.jpg?w=1280&amp;ssl=1 1280w, https:\/\/i0.wp.com\/www.svzweckel.de\/wp-content\/uploads\/wp-17232321974541379467169131744460.jpg?w=1920&amp;ssl=1 1920w\" sizes=\"auto, (max-width: 640px) 100vw, 640px\" \/><\/figure>\n","protected":false},"excerpt":{"rendered":"<p>Erler SV 08 &#8211; SV Zweckel 1:3 (1:1) Der gro\u00dfe junge Kader des SV Zweckel schwor sich vor dem ersten Saisonspiel in der Bezirksliga auf den Gegner ein und belohnte sich am Ende f\u00fcr eine couragierte Vorstellung. Nach einigen Minuten des Abtastens gingen beide Mannschaften in den Angriffsmodus \u00fcber. Jan Schwers, Milad Sahebzada und Dincer [&hellip;]<\/p>\n","protected":false},"author":3,"featured_media":17217,"comment_status":"open","ping_status":"closed","sticky":false,"template":"","format":"standard","meta":{"_jetpack_memberships_contains_paid_content":false,"footnotes":"","jetpack_publicize_message":"","jetpack_publicize_feature_enabled":true,"jetpack_social_post_already_shared":true,"jetpack_social_options":{"image_generator_settings":{"template":"highway","default_image_id":0,"font":"","enabled":false},"version":2}},"categories":[3],"tags":[],"class_list":["post-17225","post","type-post","status-publish","format-standard","has-post-thumbnail","hentry","category-allgemein"],"jetpack_publicize_connections":[],"jetpack_featured_media_url":"https:\/\/i0.wp.com\/www.svzweckel.de\/wp-content\/uploads\/wp-17232321984524323661801139544588.jpg?fit=2000%2C1125&ssl=1","jetpack_sharing_enabled":true,"_links":{"self":[{"href":"https:\/\/www.svzweckel.de\/index.php?rest_route=\/wp\/v2\/posts\/17225","targetHints":{"allow":["GET"]}}],"collection":[{"href":"https:\/\/www.svzweckel.de\/index.php?rest_route=\/wp\/v2\/posts"}],"about":[{"href":"https:\/\/www.svzweckel.de\/index.php?rest_route=\/wp\/v2\/types\/post"}],"author":[{"embeddable":true,"href":"https:\/\/www.svzweckel.de\/index.php?rest_route=\/wp\/v2\/users\/3"}],"replies":[{"embeddable":true,"href":"https:\/\/www.svzweckel.de\/index.php?rest_route=%2Fwp%2Fv2%2Fcomments&post=17225"}],"version-history":[{"count":1,"href":"https:\/\/www.svzweckel.de\/index.php?rest_route=\/wp\/v2\/posts\/17225\/revisions"}],"predecessor-version":[{"id":17226,"href":"https:\/\/www.svzweckel.de\/index.php?rest_route=\/wp\/v2\/posts\/17225\/revisions\/17226"}],"wp:featuredmedia":[{"embeddable":true,"href":"https:\/\/www.svzweckel.de\/index.php?rest_route=\/wp\/v2\/media\/17217"}],"wp:attachment":[{"href":"https:\/\/www.svzweckel.de\/index.php?rest_route=%2Fwp%2Fv2%2Fmedia&parent=17225"}],"wp:term":[{"taxonomy":"category","embeddable":true,"href":"https:\/\/www.svzweckel.de\/index.php?rest_route=%2Fwp%2Fv2%2Fcategories&post=17225"},{"taxonomy":"post_tag","embeddable":true,"href":"https:\/\/www.svzweckel.de\/index.php?rest_route=%2Fwp%2Fv2%2Ftags&post=17225"}],"curies":[{"name":"wp","href":"https:\/\/api.w.org\/{rel}","templated":true}]}}