{"id":17254,"date":"2024-08-12T08:24:00","date_gmt":"2024-08-12T06:24:00","guid":{"rendered":"https:\/\/www.svzweckel.de\/?p=17254"},"modified":"2024-08-13T08:16:31","modified_gmt":"2024-08-13T06:16:31","slug":"letztes-heimspiel-im-stadion","status":"publish","type":"post","link":"https:\/\/www.svzweckel.de\/?p=17254","title":{"rendered":"Letztes &#8222;Heimspiel&#8220; im Stadion"},"content":{"rendered":"\n<p>Sonntag, 18.08.2024, 15:00 Uhr: SV Zweckel &#8211; Hessler 06<\/p>\n\n\n\n<p>Der SV Zweckel wird am kommenden Sonntag vorerst sein letztes &#8222;Heimspiel&#8220; im Stadion Gladbeck an der Burgstra\u00dfe austragen.<\/p>\n\n\n\n<p>Der Umbau des Sportplatzes an der Dorstener Stra\u00dfe schreitet voran und die Er\u00f6ffnung des neuen Kunstrasenplatzes ist (unter Vorbehalt) f\u00fcr das Wochenende am 13. bis 15. September vorgesehen. Der Spielplan sieht f\u00fcr diesen Spieltag das Derby gegen den BV Rentfort vor.<\/p>\n\n\n\n<p>Nach dem hervorragenden Saisonauftakt am vergangenen Freitag beim letztj\u00e4hrigen Tabellendritten Erler SV 08 empfangen die Schwarz-Gr\u00fcnen am zweiten Spieltag Hessler 06, die im ersten Spiel mit einer Niederlage gegen BV Herne-S\u00fcd in die Saison gestartet sind.<\/p>\n\n\n\n<p>Mit Haris Imsirovic und Lukas Tomanek spielen zwei Ex-Zweckeler l\u00e4nger f\u00fcr den Heimatverein von Ilkay G\u00fcndogan. In dieser Saison ist noch Enes Aldirmaz, der ehemalige Zweckeler Innenverteidiger, hinzugekommen.<\/p>\n\n\n\n<p>Nach der Heimspielniederlage m\u00f6chte Hessler mit Sicherheit unbedingt auf die Siegerstra\u00dfe geraten, sonst droht nach dem sechsten Platz in der letzten Saiosn ein Fehlstart. Die Heimmannschaft kann dagegen locker aufspielen, denn die Erwartungshaltungen im ersten Saisonspiel wurden \u00fcbertroffen und der erst Dreier wurde schon am ersten Spieltag unter Dach und Fach gebracht. <br>In der letzten Saison dauerte es immerhin bis zum 10. Spieltag, als die Zweckeler ihren ersten Sieg gegen RWT Herne bejubeln konnten.<\/p>\n\n\n\n<p>Wenn die Zweckeler am kommenden Sonntag an die Leistung in Erle ankn\u00fcpfen k\u00f6nnen, d\u00fcrfte auch gegen Hessler am Ende etwas Z\u00e4hlbares festgemacht werden k\u00f6nnen. <\/p>\n\n\n\n<p>F\u00fcr das Spiel im Stadion haben sich auch schon wieder einige &#8222;Groundhopper&#8220; angesagt, die das altehrw\u00fcrdige Stadion w\u00e4hrend eines Meisterschaftsspiels besichtigen m\u00f6chten. <\/p>\n\n\n\n<p>Spielort: Rasenplatz im Stadion Gladbeck (Vestische Kampfbahn), 45964 Gladbeck, Burgstra\u00dfe 2<\/p>\n","protected":false},"excerpt":{"rendered":"<p>Sonntag, 18.08.2024, 15:00 Uhr: SV Zweckel &#8211; Hessler 06 Der SV Zweckel wird am kommenden Sonntag vorerst sein letztes &#8222;Heimspiel&#8220; im Stadion Gladbeck an der Burgstra\u00dfe austragen. Der Umbau des Sportplatzes an der Dorstener Stra\u00dfe schreitet voran und die Er\u00f6ffnung des neuen Kunstrasenplatzes ist (unter Vorbehalt) f\u00fcr das Wochenende am 13. bis 15. September vorgesehen. [&hellip;]<\/p>\n","protected":false},"author":3,"featured_media":17211,"comment_status":"open","ping_status":"closed","sticky":false,"template":"","format":"standard","meta":{"_jetpack_memberships_contains_paid_content":false,"footnotes":"","jetpack_publicize_message":"","jetpack_publicize_feature_enabled":true,"jetpack_social_post_already_shared":true,"jetpack_social_options":{"image_generator_settings":{"template":"highway","default_image_id":0,"font":"","enabled":false},"version":2}},"categories":[3],"tags":[],"class_list":["post-17254","post","type-post","status-publish","format-standard","has-post-thumbnail","hentry","category-allgemein"],"jetpack_publicize_connections":[],"jetpack_featured_media_url":"https:\/\/i0.wp.com\/www.svzweckel.de\/wp-content\/uploads\/wp-17232321974541379467169131744460.jpg?fit=2000%2C1125&ssl=1","jetpack_sharing_enabled":true,"_links":{"self":[{"href":"https:\/\/www.svzweckel.de\/index.php?rest_route=\/wp\/v2\/posts\/17254","targetHints":{"allow":["GET"]}}],"collection":[{"href":"https:\/\/www.svzweckel.de\/index.php?rest_route=\/wp\/v2\/posts"}],"about":[{"href":"https:\/\/www.svzweckel.de\/index.php?rest_route=\/wp\/v2\/types\/post"}],"author":[{"embeddable":true,"href":"https:\/\/www.svzweckel.de\/index.php?rest_route=\/wp\/v2\/users\/3"}],"replies":[{"embeddable":true,"href":"https:\/\/www.svzweckel.de\/index.php?rest_route=%2Fwp%2Fv2%2Fcomments&post=17254"}],"version-history":[{"count":3,"href":"https:\/\/www.svzweckel.de\/index.php?rest_route=\/wp\/v2\/posts\/17254\/revisions"}],"predecessor-version":[{"id":17258,"href":"https:\/\/www.svzweckel.de\/index.php?rest_route=\/wp\/v2\/posts\/17254\/revisions\/17258"}],"wp:featuredmedia":[{"embeddable":true,"href":"https:\/\/www.svzweckel.de\/index.php?rest_route=\/wp\/v2\/media\/17211"}],"wp:attachment":[{"href":"https:\/\/www.svzweckel.de\/index.php?rest_route=%2Fwp%2Fv2%2Fmedia&parent=17254"}],"wp:term":[{"taxonomy":"category","embeddable":true,"href":"https:\/\/www.svzweckel.de\/index.php?rest_route=%2Fwp%2Fv2%2Fcategories&post=17254"},{"taxonomy":"post_tag","embeddable":true,"href":"https:\/\/www.svzweckel.de\/index.php?rest_route=%2Fwp%2Fv2%2Ftags&post=17254"}],"curies":[{"name":"wp","href":"https:\/\/api.w.org\/{rel}","templated":true}]}}