{"id":17296,"date":"2024-08-23T16:54:22","date_gmt":"2024-08-23T14:54:22","guid":{"rendered":"https:\/\/www.svzweckel.de\/?p=17296"},"modified":"2024-08-23T16:56:10","modified_gmt":"2024-08-23T14:56:10","slug":"auswaerts-in-herne","status":"publish","type":"post","link":"https:\/\/www.svzweckel.de\/?p=17296","title":{"rendered":"SG Herne 70 vs. SV Zweckel: Bezirksligaspiel Vorschau"},"content":{"rendered":"\n<p>Sonntag, 25.08.24, 15:00 Uhr: SG Herne 70 &#8211; SV Zweckel<\/p>\n\n\n\n<p>Nach dem optimalen Start in die neue Bezirksligasaison steht die n\u00e4chste Aufgabe f\u00fcr den SV Zweckel in Herne an.<\/p>\n\n\n\n<p>Der Gastgeber hat aus seinen beiden ersten Spielen lediglich einen Punkt ergattert, wobei insbesondere das 0:0 beim selbsterk\u00e4rte Aufstiegsfavoriten BV Herne-S\u00fcd am letzten Sonntag zumindest aufhorchen l\u00e4sst. <\/p>\n\n\n\n<p>Das erste Spiel wurde mit 2:3 gegen Hassel verloren, wobei am Ende der Ausgleich durch ein vermeintliches Abseits verhindert wurde.<\/p>\n\n\n\n<p>Die Zweckeler erwischten mit den Siegen in Erle und gegen Hessler einen Traumstart und m\u00fcssen sich auf dem Ascheplatz in Herne neu beweisen. Es w\u00e4re f\u00fcr die junge Mannschaft sicher gut, wenn sie &#8211; \u00e4hnlich wie in den beiden ersten Spielen &#8211; mutig nach vorne spielen w\u00fcrde. Am letzten Sonntag wurde die erste Halbzeit im Stadion leider verschlafen, so dass es nach einer fulminanten zweiten Halbzei doch noch zum Sieg gegen Hessler reichte.<\/p>\n\n\n\n<p>Am Sonntag r\u00fcckt Sebastian Waldner wieder in den Kader, der nach der roten Karte im Spiel gegen Horst in der letzten Saison noch f\u00fcr die ersten beiden Spiele gesperrt war. <\/p>\n\n\n\n<p>Adresse: SG Herne 70, Sportplatz V\u00f6destra\u00dfe 172, 44626 Herne<\/p>\n","protected":false},"excerpt":{"rendered":"<p>Sonntag, 25.08.24, 15:00 Uhr: SG Herne 70 &#8211; SV Zweckel Nach dem optimalen Start in die neue Bezirksligasaison steht die n\u00e4chste Aufgabe f\u00fcr den SV Zweckel in Herne an. Der Gastgeber hat aus seinen beiden ersten Spielen lediglich einen Punkt ergattert, wobei insbesondere das 0:0 beim selbsterk\u00e4rte Aufstiegsfavoriten BV Herne-S\u00fcd am letzten Sonntag zumindest aufhorchen [&hellip;]<\/p>\n","protected":false},"author":3,"featured_media":17283,"comment_status":"open","ping_status":"closed","sticky":false,"template":"","format":"standard","meta":{"_jetpack_memberships_contains_paid_content":false,"footnotes":"","jetpack_publicize_message":"","jetpack_publicize_feature_enabled":true,"jetpack_social_post_already_shared":true,"jetpack_social_options":{"image_generator_settings":{"template":"highway","default_image_id":0,"font":"","enabled":false},"version":2}},"categories":[2],"tags":[],"class_list":["post-17296","post","type-post","status-publish","format-standard","has-post-thumbnail","hentry","category-1-mannschaft"],"jetpack_publicize_connections":[],"jetpack_featured_media_url":"https:\/\/i0.wp.com\/www.svzweckel.de\/wp-content\/uploads\/wp-17240011692293374749733372848192.jpg?fit=2000%2C1125&ssl=1","jetpack_sharing_enabled":true,"_links":{"self":[{"href":"https:\/\/www.svzweckel.de\/index.php?rest_route=\/wp\/v2\/posts\/17296","targetHints":{"allow":["GET"]}}],"collection":[{"href":"https:\/\/www.svzweckel.de\/index.php?rest_route=\/wp\/v2\/posts"}],"about":[{"href":"https:\/\/www.svzweckel.de\/index.php?rest_route=\/wp\/v2\/types\/post"}],"author":[{"embeddable":true,"href":"https:\/\/www.svzweckel.de\/index.php?rest_route=\/wp\/v2\/users\/3"}],"replies":[{"embeddable":true,"href":"https:\/\/www.svzweckel.de\/index.php?rest_route=%2Fwp%2Fv2%2Fcomments&post=17296"}],"version-history":[{"count":2,"href":"https:\/\/www.svzweckel.de\/index.php?rest_route=\/wp\/v2\/posts\/17296\/revisions"}],"predecessor-version":[{"id":17298,"href":"https:\/\/www.svzweckel.de\/index.php?rest_route=\/wp\/v2\/posts\/17296\/revisions\/17298"}],"wp:featuredmedia":[{"embeddable":true,"href":"https:\/\/www.svzweckel.de\/index.php?rest_route=\/wp\/v2\/media\/17283"}],"wp:attachment":[{"href":"https:\/\/www.svzweckel.de\/index.php?rest_route=%2Fwp%2Fv2%2Fmedia&parent=17296"}],"wp:term":[{"taxonomy":"category","embeddable":true,"href":"https:\/\/www.svzweckel.de\/index.php?rest_route=%2Fwp%2Fv2%2Fcategories&post=17296"},{"taxonomy":"post_tag","embeddable":true,"href":"https:\/\/www.svzweckel.de\/index.php?rest_route=%2Fwp%2Fv2%2Ftags&post=17296"}],"curies":[{"name":"wp","href":"https:\/\/api.w.org\/{rel}","templated":true}]}}