{"id":17311,"date":"2024-09-08T12:03:38","date_gmt":"2024-09-08T10:03:38","guid":{"rendered":"https:\/\/www.svzweckel.de\/?p=17311"},"modified":"2024-09-08T12:05:36","modified_gmt":"2024-09-08T10:05:36","slug":"schwierige-auswaertsaufgabe-in-herne","status":"publish","type":"post","link":"https:\/\/www.svzweckel.de\/?p=17311","title":{"rendered":"Schwierige Ausw\u00e4rtsaufgabe in Herne"},"content":{"rendered":"\n<p>Sonntag, 08.09.24, 15:00 Uhr: Firtinaspor Herne &#8211; SV Zweckel<\/p>\n\n\n\n<p>Auf dem Papier scheint es f\u00fcr den SV Zweckel eine leichtere Aufgabe zu sein, da Firtinaspor Herne in den bisherigen Spielen noch keinen Punkt erreicht hat. Das war in der letzten Saison allerdings auch der Fall und die heutigen Gastgeber haben sich deutlich vor dem Abstieg gerettet. M\u00f6glicherweise mussten die Herner auch noch auf einige urlaubsabwesende Spieler verzichten, so dass irgendwann auch der Knoten platzen wird.<\/p>\n\n\n\n<p>Die Zweckeler sind gut in die Saison gestartet und mussten erst am letzten Sonntag die erste Niederlage der noch jungen Saison einstecken. Leider m\u00fcssen die Schwarz-Gr\u00fcnen noch auf ihren Torj\u00e4ger verzichten, der beim anderen Herner Klub r\u00fcde von den Beinen geholt und verletzt wurde.<\/p>\n\n\n\n<p>Mit Blick auf das kommende Wochenende, an dem der neue Sportplatz mit dem Bezirksligaderby gegen den BV Rentfort eingeweiht werden soll, w\u00e4re es durchaus hilfreich, wenn der SV Zweckel mit etwas Z\u00e4hlbaren aus Herne nach Hause kommt. <\/p>\n","protected":false},"excerpt":{"rendered":"<p>Sonntag, 08.09.24, 15:00 Uhr: Firtinaspor Herne &#8211; SV Zweckel Auf dem Papier scheint es f\u00fcr den SV Zweckel eine leichtere Aufgabe zu sein, da Firtinaspor Herne in den bisherigen Spielen noch keinen Punkt erreicht hat. Das war in der letzten Saison allerdings auch der Fall und die heutigen Gastgeber haben sich deutlich vor dem Abstieg [&hellip;]<\/p>\n","protected":false},"author":3,"featured_media":17312,"comment_status":"open","ping_status":"closed","sticky":false,"template":"","format":"standard","meta":{"_jetpack_memberships_contains_paid_content":false,"footnotes":"","jetpack_publicize_message":"","jetpack_publicize_feature_enabled":true,"jetpack_social_post_already_shared":true,"jetpack_social_options":{"image_generator_settings":{"template":"highway","default_image_id":0,"font":"","enabled":false},"version":2}},"categories":[2],"tags":[],"class_list":["post-17311","post","type-post","status-publish","format-standard","has-post-thumbnail","hentry","category-1-mannschaft"],"jetpack_publicize_connections":[],"jetpack_featured_media_url":"https:\/\/i0.wp.com\/www.svzweckel.de\/wp-content\/uploads\/DSC02297-Standard.jpg?fit=800%2C533&ssl=1","jetpack_sharing_enabled":true,"_links":{"self":[{"href":"https:\/\/www.svzweckel.de\/index.php?rest_route=\/wp\/v2\/posts\/17311","targetHints":{"allow":["GET"]}}],"collection":[{"href":"https:\/\/www.svzweckel.de\/index.php?rest_route=\/wp\/v2\/posts"}],"about":[{"href":"https:\/\/www.svzweckel.de\/index.php?rest_route=\/wp\/v2\/types\/post"}],"author":[{"embeddable":true,"href":"https:\/\/www.svzweckel.de\/index.php?rest_route=\/wp\/v2\/users\/3"}],"replies":[{"embeddable":true,"href":"https:\/\/www.svzweckel.de\/index.php?rest_route=%2Fwp%2Fv2%2Fcomments&post=17311"}],"version-history":[{"count":1,"href":"https:\/\/www.svzweckel.de\/index.php?rest_route=\/wp\/v2\/posts\/17311\/revisions"}],"predecessor-version":[{"id":17313,"href":"https:\/\/www.svzweckel.de\/index.php?rest_route=\/wp\/v2\/posts\/17311\/revisions\/17313"}],"wp:featuredmedia":[{"embeddable":true,"href":"https:\/\/www.svzweckel.de\/index.php?rest_route=\/wp\/v2\/media\/17312"}],"wp:attachment":[{"href":"https:\/\/www.svzweckel.de\/index.php?rest_route=%2Fwp%2Fv2%2Fmedia&parent=17311"}],"wp:term":[{"taxonomy":"category","embeddable":true,"href":"https:\/\/www.svzweckel.de\/index.php?rest_route=%2Fwp%2Fv2%2Fcategories&post=17311"},{"taxonomy":"post_tag","embeddable":true,"href":"https:\/\/www.svzweckel.de\/index.php?rest_route=%2Fwp%2Fv2%2Ftags&post=17311"}],"curies":[{"name":"wp","href":"https:\/\/api.w.org\/{rel}","templated":true}]}}