{"id":17338,"date":"2024-09-13T21:50:50","date_gmt":"2024-09-13T19:50:50","guid":{"rendered":"https:\/\/www.svzweckel.de\/?p=17338"},"modified":"2024-09-13T21:50:52","modified_gmt":"2024-09-13T19:50:52","slug":"sv-zweckel-vs-bv-rentfort-historisches-heimspiel-auf-kunstrasenplatz","status":"publish","type":"post","link":"https:\/\/www.svzweckel.de\/?p=17338","title":{"rendered":"SV Zweckel vs. BV Rentfort: Historisches Heimspiel auf Kunstrasenplatz"},"content":{"rendered":"\n<p>Sonntag, 15.09.2024, 15:00 Uhr: SV Zweckel &#8211; BV Rentfort<\/p>\n\n\n\n<p>Der SV Zweckel darf am Sonntag erstmalig in seiner langen Geschichte ein Heimspiel auf einem Kunstrasenplatz austragen. Die Arbeiten an dem neuen Platz sind rechtzeitig beendet worden und mit Ausnahme einiger Kleinigkeiten ist der Neubau p\u00fcnktlich gegl\u00fcckt.<\/p>\n\n\n\n<p>Der SV Zweckel ist mit 7 Punkten hervorragend in die Saison gestartet und hat in den Spielen 4 und 5 gegen Horst und in Herne jeweils mit 0:1 verloren. Schmerzlich vermisst wurde der Kapit\u00e4n und Torj\u00e4ger der Schwarz-Gr\u00fcnen Jan Schwers, der nach einem schweren Foul bei der SG Herne 70 jetzt leider einige Spieltag passen musste.<\/p>\n\n\n\n<p>\u00c4hnliches gilt auch f\u00fcr Lukas Bergmann, der auch verletztungsbedingt f\u00fcr die Offensive nicht zur Verf\u00fcgung stand. M\u00f6glicherweise k\u00f6nnen beide St\u00fcrmer im Spie gegen den BV Rentfort schon wieder eingreifen. <\/p>\n\n\n\n<p>Der BV Rentfort hat zwar das letzte Spiel gegen dern Aufstiegsfavoriten BV Herne-S\u00fcd mit 1:14 verloren, was jedoch kein Ma\u00dfstab f\u00fcr das Bezirksligaderby sein darf.<\/p>\n\n\n\n<p>Am Sonntag werden die G\u00e4ste alles geben, um den ersten Sieg einzufahren und eine Wende in den desastr\u00f6sen Saisonbeginn zu bekommen. <\/p>\n\n\n\n<p>Die Zweckel m\u00fcssen ebenfalls alles geben, um die erstem Punkte auf dem Kunstrasen an der Dorstener Stra\u00dfe zu behalten. <\/p>\n\n\n\n<p>Das Wetter soll am Sonntag halten, so dass sich alle Mitglieder und Fans nach der Er\u00f6ffnung und \u00dcbergabe des neuen Platzes an den SV Zweckel auf ein intensives Match freuen k\u00f6nnen.<\/p>\n","protected":false},"excerpt":{"rendered":"<p>Sonntag, 15.09.2024, 15:00 Uhr: SV Zweckel &#8211; BV Rentfort Der SV Zweckel darf am Sonntag erstmalig in seiner langen Geschichte ein Heimspiel auf einem Kunstrasenplatz austragen. Die Arbeiten an dem neuen Platz sind rechtzeitig beendet worden und mit Ausnahme einiger Kleinigkeiten ist der Neubau p\u00fcnktlich gegl\u00fcckt. Der SV Zweckel ist mit 7 Punkten hervorragend in [&hellip;]<\/p>\n","protected":false},"author":3,"featured_media":17334,"comment_status":"open","ping_status":"closed","sticky":false,"template":"","format":"standard","meta":{"_jetpack_memberships_contains_paid_content":false,"footnotes":"","jetpack_publicize_message":"","jetpack_publicize_feature_enabled":true,"jetpack_social_post_already_shared":true,"jetpack_social_options":{"image_generator_settings":{"template":"highway","default_image_id":0,"font":"","enabled":false},"version":2}},"categories":[2],"tags":[],"class_list":["post-17338","post","type-post","status-publish","format-standard","has-post-thumbnail","hentry","category-1-mannschaft"],"jetpack_publicize_connections":[],"jetpack_featured_media_url":"https:\/\/i0.wp.com\/www.svzweckel.de\/wp-content\/uploads\/wp-17262559952368316923609197975583.jpg?fit=2000%2C1125&ssl=1","jetpack_sharing_enabled":true,"_links":{"self":[{"href":"https:\/\/www.svzweckel.de\/index.php?rest_route=\/wp\/v2\/posts\/17338","targetHints":{"allow":["GET"]}}],"collection":[{"href":"https:\/\/www.svzweckel.de\/index.php?rest_route=\/wp\/v2\/posts"}],"about":[{"href":"https:\/\/www.svzweckel.de\/index.php?rest_route=\/wp\/v2\/types\/post"}],"author":[{"embeddable":true,"href":"https:\/\/www.svzweckel.de\/index.php?rest_route=\/wp\/v2\/users\/3"}],"replies":[{"embeddable":true,"href":"https:\/\/www.svzweckel.de\/index.php?rest_route=%2Fwp%2Fv2%2Fcomments&post=17338"}],"version-history":[{"count":1,"href":"https:\/\/www.svzweckel.de\/index.php?rest_route=\/wp\/v2\/posts\/17338\/revisions"}],"predecessor-version":[{"id":17339,"href":"https:\/\/www.svzweckel.de\/index.php?rest_route=\/wp\/v2\/posts\/17338\/revisions\/17339"}],"wp:featuredmedia":[{"embeddable":true,"href":"https:\/\/www.svzweckel.de\/index.php?rest_route=\/wp\/v2\/media\/17334"}],"wp:attachment":[{"href":"https:\/\/www.svzweckel.de\/index.php?rest_route=%2Fwp%2Fv2%2Fmedia&parent=17338"}],"wp:term":[{"taxonomy":"category","embeddable":true,"href":"https:\/\/www.svzweckel.de\/index.php?rest_route=%2Fwp%2Fv2%2Fcategories&post=17338"},{"taxonomy":"post_tag","embeddable":true,"href":"https:\/\/www.svzweckel.de\/index.php?rest_route=%2Fwp%2Fv2%2Ftags&post=17338"}],"curies":[{"name":"wp","href":"https:\/\/api.w.org\/{rel}","templated":true}]}}