{"id":17347,"date":"2024-09-16T11:24:07","date_gmt":"2024-09-16T09:24:07","guid":{"rendered":"https:\/\/www.svzweckel.de\/?p=17347"},"modified":"2024-09-16T11:24:10","modified_gmt":"2024-09-16T09:24:10","slug":"uli-simon-arena-sv-zweckel-weiht-neuen-sportplatz-ein","status":"publish","type":"post","link":"https:\/\/www.svzweckel.de\/?p=17347","title":{"rendered":"Uli Simon Arena: SV Zweckel weiht neuen Sportplatz ein"},"content":{"rendered":"\n<p>Der SV Zweckel h\u00e4tte sich die Einweihung des neuen Platzes an der Dorstener Stra\u00dfe kaum sch\u00f6ner ausmalen k\u00f6nnen. Bei herrlichem Wetter startete um 09:30 Uhr die Jugendabteilung des Vereins mit Spielen der E-, D- und B-Junioren auf dem neuen Belag.<\/p>\n\n\n\n<p>Viele Zuschauer, Vereinsmitglieder, Eltern und Interessierte fanden sich den ganzen Tag \u00fcber auf der Sportanlage ein, um den gelungenen Umbau in Augeschein zu nehmen. Kurz vor dem Start des Derbys \u00fcbergab die B\u00fcrgermeisterin Bettina Weist den Platz offiziell an den SV Zweckel.<\/p>\n\n\n\n<figure class=\"wp-block-image size-full is-resized\"><img data-recalc-dims=\"1\" loading=\"lazy\" decoding=\"async\" width=\"640\" height=\"426\" src=\"https:\/\/i0.wp.com\/www.svzweckel.de\/wp-content\/uploads\/DSC01795-Standard.jpg?resize=640%2C426&#038;ssl=1\" alt=\"\" class=\"wp-image-17354\" style=\"width:841px;height:auto\" srcset=\"https:\/\/i0.wp.com\/www.svzweckel.de\/wp-content\/uploads\/DSC01795-Standard.jpg?w=800&amp;ssl=1 800w, https:\/\/i0.wp.com\/www.svzweckel.de\/wp-content\/uploads\/DSC01795-Standard.jpg?resize=300%2C200&amp;ssl=1 300w, https:\/\/i0.wp.com\/www.svzweckel.de\/wp-content\/uploads\/DSC01795-Standard.jpg?resize=150%2C100&amp;ssl=1 150w, https:\/\/i0.wp.com\/www.svzweckel.de\/wp-content\/uploads\/DSC01795-Standard.jpg?resize=768%2C512&amp;ssl=1 768w, https:\/\/i0.wp.com\/www.svzweckel.de\/wp-content\/uploads\/DSC01795-Standard.jpg?resize=100%2C67&amp;ssl=1 100w, https:\/\/i0.wp.com\/www.svzweckel.de\/wp-content\/uploads\/DSC01795-Standard.jpg?resize=50%2C33&amp;ssl=1 50w, https:\/\/i0.wp.com\/www.svzweckel.de\/wp-content\/uploads\/DSC01795-Standard.jpg?resize=25%2C17&amp;ssl=1 25w, https:\/\/i0.wp.com\/www.svzweckel.de\/wp-content\/uploads\/DSC01795-Standard.jpg?resize=480%2C320&amp;ssl=1 480w, https:\/\/i0.wp.com\/www.svzweckel.de\/wp-content\/uploads\/DSC01795-Standard.jpg?resize=160%2C107&amp;ssl=1 160w\" sizes=\"auto, (max-width: 640px) 100vw, 640px\" \/><\/figure>\n\n\n\n<p>Der SV Zweckel dankt den politischen Vertretern der Stadt  Gladbeck, die nach vielen Jahren gr\u00fcnes Licht f\u00fcr den Ausbau des Sportplatzes an der Dorstener Stra\u00dfe gegeben hat. <\/p>\n\n\n\n<figure class=\"wp-block-image size-full is-resized\"><img data-recalc-dims=\"1\" loading=\"lazy\" decoding=\"async\" width=\"640\" height=\"426\" src=\"https:\/\/i0.wp.com\/www.svzweckel.de\/wp-content\/uploads\/DSC01771-Standard.jpg?resize=640%2C426&#038;ssl=1\" alt=\"\" class=\"wp-image-17351\" style=\"width:840px;height:auto\" srcset=\"https:\/\/i0.wp.com\/www.svzweckel.de\/wp-content\/uploads\/DSC01771-Standard.jpg?w=800&amp;ssl=1 800w, https:\/\/i0.wp.com\/www.svzweckel.de\/wp-content\/uploads\/DSC01771-Standard.jpg?resize=300%2C200&amp;ssl=1 300w, https:\/\/i0.wp.com\/www.svzweckel.de\/wp-content\/uploads\/DSC01771-Standard.jpg?resize=150%2C100&amp;ssl=1 150w, https:\/\/i0.wp.com\/www.svzweckel.de\/wp-content\/uploads\/DSC01771-Standard.jpg?resize=768%2C512&amp;ssl=1 768w, https:\/\/i0.wp.com\/www.svzweckel.de\/wp-content\/uploads\/DSC01771-Standard.jpg?resize=100%2C67&amp;ssl=1 100w, https:\/\/i0.wp.com\/www.svzweckel.de\/wp-content\/uploads\/DSC01771-Standard.jpg?resize=50%2C33&amp;ssl=1 50w, https:\/\/i0.wp.com\/www.svzweckel.de\/wp-content\/uploads\/DSC01771-Standard.jpg?resize=25%2C17&amp;ssl=1 25w, https:\/\/i0.wp.com\/www.svzweckel.de\/wp-content\/uploads\/DSC01771-Standard.jpg?resize=480%2C320&amp;ssl=1 480w, https:\/\/i0.wp.com\/www.svzweckel.de\/wp-content\/uploads\/DSC01771-Standard.jpg?resize=160%2C107&amp;ssl=1 160w\" sizes=\"auto, (max-width: 640px) 100vw, 640px\" \/><\/figure>\n\n\n\n<p>Die Verwaltung hat diesen Beschluss mit tatkr\u00e4ftiger Unterst\u00fctzung durch die B\u00fcrgermeisterin Bettina Weist (siehe Bild mit Michael Berger, Leiter des Amts f\u00fcr Rat, B\u00fcrgerschaft, Sport\/B\u00fcro der B\u00fcrgermeisterin) hervorragend umgesetzt und so ist in wenigen Monaten aus dem maroden Rasenplatz ein neuer Kunstrasenplatz entstanden, der sich wunderbar in die alte Anlage einbettet.<\/p>\n\n\n\n<figure class=\"wp-block-image size-full is-resized\"><img data-recalc-dims=\"1\" loading=\"lazy\" decoding=\"async\" width=\"640\" height=\"426\" src=\"https:\/\/i0.wp.com\/www.svzweckel.de\/wp-content\/uploads\/DSC01780-Standard.jpg?resize=640%2C426&#038;ssl=1\" alt=\"\" class=\"wp-image-17352\" style=\"width:840px;height:auto\" srcset=\"https:\/\/i0.wp.com\/www.svzweckel.de\/wp-content\/uploads\/DSC01780-Standard.jpg?w=800&amp;ssl=1 800w, https:\/\/i0.wp.com\/www.svzweckel.de\/wp-content\/uploads\/DSC01780-Standard.jpg?resize=300%2C200&amp;ssl=1 300w, https:\/\/i0.wp.com\/www.svzweckel.de\/wp-content\/uploads\/DSC01780-Standard.jpg?resize=150%2C100&amp;ssl=1 150w, https:\/\/i0.wp.com\/www.svzweckel.de\/wp-content\/uploads\/DSC01780-Standard.jpg?resize=768%2C512&amp;ssl=1 768w, https:\/\/i0.wp.com\/www.svzweckel.de\/wp-content\/uploads\/DSC01780-Standard.jpg?resize=100%2C67&amp;ssl=1 100w, https:\/\/i0.wp.com\/www.svzweckel.de\/wp-content\/uploads\/DSC01780-Standard.jpg?resize=50%2C33&amp;ssl=1 50w, https:\/\/i0.wp.com\/www.svzweckel.de\/wp-content\/uploads\/DSC01780-Standard.jpg?resize=25%2C17&amp;ssl=1 25w, https:\/\/i0.wp.com\/www.svzweckel.de\/wp-content\/uploads\/DSC01780-Standard.jpg?resize=480%2C320&amp;ssl=1 480w, https:\/\/i0.wp.com\/www.svzweckel.de\/wp-content\/uploads\/DSC01780-Standard.jpg?resize=160%2C107&amp;ssl=1 160w\" sizes=\"auto, (max-width: 640px) 100vw, 640px\" \/><\/figure>\n\n\n\n<p>Auch hierf\u00fcr Herzlichen Dank an alle Beteiligten f\u00fcr die Unterst\u00fctzung dieses Vorhabens, welches dem SV Zweckel die M\u00f6glichkeit gibt, mittel- und langfristig an dieser Stelle fu\u00dfballinteressierten Kindern, Jugendlichen und Erwachsenen eine M\u00f6glichkeit bietet, dem geliebten Fu\u00dfballsport sehr gute Trainings- und Wettkampfm\u00f6glichkeiten zu bieten.<\/p>\n\n\n\n<p>Der SV Zweckel besteht seit mehr als 100 Jahren und wird somit auch in den k\u00fcnftigen Jahrzehnten die Voraussetzung haben, das Fu\u00dfballspielen im Verein mit Engagement und guten Ideen fortzuf\u00fchren und den Verein weiter zu entwickeln.<\/p>\n\n\n\n<p>Ein \u201eMacher\u201c des SV Zweckel war unser am 22.03.24 verstorbene Ehrenvorsitzende Uli Simon, der die Sportanlage leider nicht mehr in neuem Gewand erleben durfte. Ihm zu Ehren wird der SV Zweckel, in Abstimmung mit der Stadt Gladbeck, diese neue Platzanlage als Uli Simon Arena benennen. In \u00fcber 65 Jahren hat Uli Simon den SV Zweckel gepr\u00e4gt und auch in schwierigem Fahrwasser immer auf Kurs gehalten. Durch diese Namensgebung werden die au\u00dfergew\u00f6hnlichen Leistungen von Uli Simon gew\u00fcrdigt. <\/p>\n\n\n\n<figure class=\"wp-block-image size-full is-resized\"><img data-recalc-dims=\"1\" loading=\"lazy\" decoding=\"async\" width=\"640\" height=\"426\" src=\"https:\/\/i0.wp.com\/www.svzweckel.de\/wp-content\/uploads\/DSC01779-Standard.jpg?resize=640%2C426&#038;ssl=1\" alt=\"\" class=\"wp-image-17353\" style=\"width:840px;height:auto\" srcset=\"https:\/\/i0.wp.com\/www.svzweckel.de\/wp-content\/uploads\/DSC01779-Standard.jpg?w=800&amp;ssl=1 800w, https:\/\/i0.wp.com\/www.svzweckel.de\/wp-content\/uploads\/DSC01779-Standard.jpg?resize=300%2C200&amp;ssl=1 300w, https:\/\/i0.wp.com\/www.svzweckel.de\/wp-content\/uploads\/DSC01779-Standard.jpg?resize=150%2C100&amp;ssl=1 150w, https:\/\/i0.wp.com\/www.svzweckel.de\/wp-content\/uploads\/DSC01779-Standard.jpg?resize=768%2C512&amp;ssl=1 768w, https:\/\/i0.wp.com\/www.svzweckel.de\/wp-content\/uploads\/DSC01779-Standard.jpg?resize=100%2C67&amp;ssl=1 100w, https:\/\/i0.wp.com\/www.svzweckel.de\/wp-content\/uploads\/DSC01779-Standard.jpg?resize=50%2C33&amp;ssl=1 50w, https:\/\/i0.wp.com\/www.svzweckel.de\/wp-content\/uploads\/DSC01779-Standard.jpg?resize=25%2C17&amp;ssl=1 25w, https:\/\/i0.wp.com\/www.svzweckel.de\/wp-content\/uploads\/DSC01779-Standard.jpg?resize=480%2C320&amp;ssl=1 480w, https:\/\/i0.wp.com\/www.svzweckel.de\/wp-content\/uploads\/DSC01779-Standard.jpg?resize=160%2C107&amp;ssl=1 160w\" sizes=\"auto, (max-width: 640px) 100vw, 640px\" \/><\/figure>\n\n\n\n<p>Der SV Zweckel w\u00fcnscht alle Mitgliedern mit diesem neuen Sportplatz viel Gl\u00fcck verbunden mit einer Bitte: Packt an und helft mit, diese Anlage zu nutzen, zu pflegen und den Verein weiterzuentwickeln!<\/p>\n","protected":false},"excerpt":{"rendered":"<p>Der SV Zweckel h\u00e4tte sich die Einweihung des neuen Platzes an der Dorstener Stra\u00dfe kaum sch\u00f6ner ausmalen k\u00f6nnen. Bei herrlichem Wetter startete um 09:30 Uhr die Jugendabteilung des Vereins mit Spielen der E-, D- und B-Junioren auf dem neuen Belag. Viele Zuschauer, Vereinsmitglieder, Eltern und Interessierte fanden sich den ganzen Tag \u00fcber auf der Sportanlage [&hellip;]<\/p>\n","protected":false},"author":3,"featured_media":17349,"comment_status":"open","ping_status":"closed","sticky":false,"template":"","format":"standard","meta":{"_jetpack_memberships_contains_paid_content":false,"footnotes":"","jetpack_publicize_message":"","jetpack_publicize_feature_enabled":true,"jetpack_social_post_already_shared":true,"jetpack_social_options":{"image_generator_settings":{"template":"highway","default_image_id":0,"font":"","enabled":false},"version":2}},"categories":[3],"tags":[],"class_list":["post-17347","post","type-post","status-publish","format-standard","has-post-thumbnail","hentry","category-allgemein"],"jetpack_publicize_connections":[],"jetpack_featured_media_url":"https:\/\/i0.wp.com\/www.svzweckel.de\/wp-content\/uploads\/240915-BMin-B.-Weist-und-M.-Berger.jpg?fit=2184%2C1638&ssl=1","jetpack_sharing_enabled":true,"_links":{"self":[{"href":"https:\/\/www.svzweckel.de\/index.php?rest_route=\/wp\/v2\/posts\/17347","targetHints":{"allow":["GET"]}}],"collection":[{"href":"https:\/\/www.svzweckel.de\/index.php?rest_route=\/wp\/v2\/posts"}],"about":[{"href":"https:\/\/www.svzweckel.de\/index.php?rest_route=\/wp\/v2\/types\/post"}],"author":[{"embeddable":true,"href":"https:\/\/www.svzweckel.de\/index.php?rest_route=\/wp\/v2\/users\/3"}],"replies":[{"embeddable":true,"href":"https:\/\/www.svzweckel.de\/index.php?rest_route=%2Fwp%2Fv2%2Fcomments&post=17347"}],"version-history":[{"count":3,"href":"https:\/\/www.svzweckel.de\/index.php?rest_route=\/wp\/v2\/posts\/17347\/revisions"}],"predecessor-version":[{"id":17355,"href":"https:\/\/www.svzweckel.de\/index.php?rest_route=\/wp\/v2\/posts\/17347\/revisions\/17355"}],"wp:featuredmedia":[{"embeddable":true,"href":"https:\/\/www.svzweckel.de\/index.php?rest_route=\/wp\/v2\/media\/17349"}],"wp:attachment":[{"href":"https:\/\/www.svzweckel.de\/index.php?rest_route=%2Fwp%2Fv2%2Fmedia&parent=17347"}],"wp:term":[{"taxonomy":"category","embeddable":true,"href":"https:\/\/www.svzweckel.de\/index.php?rest_route=%2Fwp%2Fv2%2Fcategories&post=17347"},{"taxonomy":"post_tag","embeddable":true,"href":"https:\/\/www.svzweckel.de\/index.php?rest_route=%2Fwp%2Fv2%2Ftags&post=17347"}],"curies":[{"name":"wp","href":"https:\/\/api.w.org\/{rel}","templated":true}]}}