{"id":17357,"date":"2024-09-16T12:31:58","date_gmt":"2024-09-16T10:31:58","guid":{"rendered":"https:\/\/www.svzweckel.de\/?p=17357"},"modified":"2024-09-16T12:47:27","modified_gmt":"2024-09-16T10:47:27","slug":"jan-schwers-erzielt-viererpack-sv-zweckel-erkaempft-sich-verdientes-44-unentschieden","status":"publish","type":"post","link":"https:\/\/www.svzweckel.de\/?p=17357","title":{"rendered":"Jan Schwers erzielt Viererpack: SV Zweckel erk\u00e4mpft sich verdientes 4:4 Unentschieden"},"content":{"rendered":"\n<p>SV Zweckel &#8211; BV Rentfort 4:4 (2:3)<\/p>\n\n\n\n<p>Das war kein Spiel f\u00fcr schwache Nerven! Das erste Meisterschaftsspiel des SV Zweckel auf dem neuen Kunstrasenbelag fand vor gro\u00dfer Kulisse statt. Im Laufe des Tages hatten sich mehrere hundert fu\u00dfballinteressierte Mitglieder und Fans auf der Sportanlage eingefunden, um die Einweihung und \u00dcbergabe des Platzes durch die B\u00fcrgermeisterin Frau Bettina Weist an den SV Zweckel zu begleiten.<\/p>\n\n\n\n<p>Neben den vielen Zuschauern hatten sich auch etliche Verteter des Rates der Stadt Gladbeck und der politischen Fraktionen, Volker Dyba als stellvertretende Kreisvorsitzender, Staffelleiter Klaus Overwien, Vetreter der Vewaltung und Klaus-Dieter Bugdoll als ehemaliger Sportamtsleiter eingefunden, der in den vergangenen Jahren den SV Zweckel auf seinem Weg tatkr\u00e4ftig unterst\u00fctzte.<\/p>\n\n\n\n<p>Der Spielplan hatte es gut gemeint mit dem SV Zweckel , denn neben gutem Wetter war als erster Gast auf dem neuen Gel\u00e4uf der Nachbar aus Rentfort vorgesehen.<\/p>\n\n\n\n<p>In den erstsen zwanzig Minuten kamen die Platzherren gut aus den Startbl\u00f6cken und gingen bereits in der 7. Minute durch den wiedergenesenen Jan Schwers mit 1:0 in F\u00fchrung, der einen Pass von Moritz Heidenreich erfolreich vollendete.<\/p>\n\n\n\n<p>Nur neun Minuten sp\u00e4ter war der Torj\u00e4ger des SV Zweckel nach einem Eckball mit dem Kopf zur Stelle und brachte seine Farben mit 2:0 in F\u00fchrung. Danach gingen die K\u00f6pfe der Rentforter nach unten und die Zweckeler Anh\u00e4nger dachten schon, dass das Derby gelaufen sei. Leider nahmen die Gastgeber jedoch danach aus unerkl\u00e4rlichen Gr\u00fcnden einen Gang raus glaubten m\u00f6glicherweise, dass die Partie im Schongang zu Ende gespielt werden k\u00f6nne.<\/p>\n\n\n\n<p>Das sollte sich in der 32. Minute r\u00e4chen, denn ein schnell vorgetragener Angriff \u00fcber die linke Rentforter Angriffsseite wurde nach einem Pass in die Mitte durch Marius Wichert zum Anschlusstreffer genutzt. Auch wenn dieser Treffer aus stark abseitsverd\u00e4chtiger Position fiel, war er doch verdient, denn der starke Torh\u00fcter Dario Schierenberg verhinderte in zwei vorherigen Situationen den l\u00e4ngst verdienten Anschlusstreffer. Doch damit nicht genug: Der SV Zweckel brachte den Gegner mit einem Eigentor komplett zur\u00fcck ins Spiel. Tolga Koca spielte einen R\u00fcckpass auf Dario Schierenberg direkt ins Tor uns sorgte so f\u00fcr den \u00fcberraschenden Ausgleich.<\/p>\n\n\n\n<p>Noch vor dem Seitenwechsel erh\u00f6hten die G\u00e4ste auf 2:3 durch Robin Slawinski und drehten dadurch das Spiel komplett.<\/p>\n\n\n\n<p>Nach einem Foulspiel vor der Strafraumkante des gerade eingewechselten \u00ddlli Rushiti entschied der nicht immer souver\u00e4n agierende Unparteiische auf Notbremse und bedachte den 18j\u00e4hrigen mit einer roten Karte.<\/p>\n\n\n\n<p>In der 52. Minute erh\u00f6hten die G\u00e4ste auf 2:4 und die Zweckeler Anh\u00e4nger hatten ob der Unterzahl kaum noch Hoffnung auf einen Punktgewinn.<\/p>\n\n\n\n<p>Doch sie hatten die Rechnung ohne die junge Mannschaft und deren Kapit\u00e4n Jan Schwers gemacht. Der Torj\u00e4ger ging mit gutem Beispiel voran und erzielte bereits zwei Minuten sp\u00e4ter seinen dritten Trefffer und brachte seine Farben wieder heran. Die G\u00e4ste spielten trotz einiger Chancen zum 3:5 ihre numerische \u00dcberlegenheit zu selten aus, so dass der Gastgeber weiterhin aufs Tempo dr\u00fccken konnte. Nach einem Fehlpass in der Rentforter Hintermannschaft kam der Ball wieder zu Jan Schwers, der sich nicht lange bitten lie\u00df und gekonnt zum Ausgleich einschob.<\/p>\n\n\n\n<p>In den letzten Spielminuten schien es so, als ob beide Mannschaften noch einmal die Entscheidung suchen w\u00fcrden, es langte jedoch auf beiden Seiten nicht mehr zu einem Treffer.<\/p>\n\n\n\n<p>In Unterzahl hatten die Zweckeler den zwei-Tore-R\u00fcckstand in der Uli Simon Arena noch gedreht und kamen zu dem verdienten Punktgewinn. Das war gut f\u00fcr die Zweckeler Moral letztendlich auch ein verdientes Ergebnis, denn die G\u00e4ste hatten es in der zweiten Halbzeit vers\u00e4umt, den Zweckelern den endg\u00fcltigen KO zu versetzen. <\/p>\n\n\n\n<p>F\u00fcr die junge Zweckeler Mannschaft bringt dieses Spiel zumindest die Erkenntnis, dass mit angezogener Handbremse in dieser Spielzeit trotz komfortabler F\u00fchrung kein Spiel gewonnen werden kann.<\/p>\n\n\n\n<figure class=\"wp-block-image size-full is-resized\"><img data-recalc-dims=\"1\" loading=\"lazy\" decoding=\"async\" width=\"640\" height=\"426\" src=\"https:\/\/i0.wp.com\/www.svzweckel.de\/wp-content\/uploads\/DSC01832-Standard.jpg?resize=640%2C426&#038;ssl=1\" alt=\"\" class=\"wp-image-17361\" style=\"width:840px;height:auto\" srcset=\"https:\/\/i0.wp.com\/www.svzweckel.de\/wp-content\/uploads\/DSC01832-Standard.jpg?w=800&amp;ssl=1 800w, https:\/\/i0.wp.com\/www.svzweckel.de\/wp-content\/uploads\/DSC01832-Standard.jpg?resize=300%2C200&amp;ssl=1 300w, https:\/\/i0.wp.com\/www.svzweckel.de\/wp-content\/uploads\/DSC01832-Standard.jpg?resize=150%2C100&amp;ssl=1 150w, https:\/\/i0.wp.com\/www.svzweckel.de\/wp-content\/uploads\/DSC01832-Standard.jpg?resize=768%2C512&amp;ssl=1 768w, https:\/\/i0.wp.com\/www.svzweckel.de\/wp-content\/uploads\/DSC01832-Standard.jpg?resize=100%2C67&amp;ssl=1 100w, https:\/\/i0.wp.com\/www.svzweckel.de\/wp-content\/uploads\/DSC01832-Standard.jpg?resize=50%2C33&amp;ssl=1 50w, https:\/\/i0.wp.com\/www.svzweckel.de\/wp-content\/uploads\/DSC01832-Standard.jpg?resize=25%2C17&amp;ssl=1 25w, https:\/\/i0.wp.com\/www.svzweckel.de\/wp-content\/uploads\/DSC01832-Standard.jpg?resize=480%2C320&amp;ssl=1 480w, https:\/\/i0.wp.com\/www.svzweckel.de\/wp-content\/uploads\/DSC01832-Standard.jpg?resize=160%2C107&amp;ssl=1 160w\" sizes=\"auto, (max-width: 640px) 100vw, 640px\" \/><\/figure>\n\n\n\n<p>Eine weitere Erkenntnis ist diese, dass die Mannschaft mit der R\u00fcckkehr ihres Torj\u00e4gers Jan Schwers wieder Punkte holen kann. Der Kapit\u00e4n hat mit seinen vier Treffern sein Torkonto trotz verletzungsbedingten Ausfalls in drei Spielen auf acht Tore erh\u00f6ht und damit gew\u00e4hrleistet, dass bereits acht Punkt auf der Habenseite des SV Zweckel stehen. Au\u00dferdem f\u00fchrt er mit seinen Treffern derzeit die Torsch\u00fctzenliste der Bezirksliga 9 an. <\/p>\n","protected":false},"excerpt":{"rendered":"<p>SV Zweckel &#8211; BV Rentfort 4:4 (2:3) Das war kein Spiel f\u00fcr schwache Nerven! Das erste Meisterschaftsspiel des SV Zweckel auf dem neuen Kunstrasenbelag fand vor gro\u00dfer Kulisse statt. Im Laufe des Tages hatten sich mehrere hundert fu\u00dfballinteressierte Mitglieder und Fans auf der Sportanlage eingefunden, um die Einweihung und \u00dcbergabe des Platzes durch die B\u00fcrgermeisterin [&hellip;]<\/p>\n","protected":false},"author":3,"featured_media":17358,"comment_status":"open","ping_status":"closed","sticky":false,"template":"","format":"standard","meta":{"_jetpack_memberships_contains_paid_content":false,"footnotes":"","jetpack_publicize_message":"","jetpack_publicize_feature_enabled":true,"jetpack_social_post_already_shared":true,"jetpack_social_options":{"image_generator_settings":{"template":"highway","default_image_id":0,"font":"","enabled":false},"version":2}},"categories":[3],"tags":[],"class_list":["post-17357","post","type-post","status-publish","format-standard","has-post-thumbnail","hentry","category-allgemein"],"jetpack_publicize_connections":[],"jetpack_featured_media_url":"https:\/\/i0.wp.com\/www.svzweckel.de\/wp-content\/uploads\/SVZ-BVR-scaled.jpg?fit=2560%2C1920&ssl=1","jetpack_sharing_enabled":true,"_links":{"self":[{"href":"https:\/\/www.svzweckel.de\/index.php?rest_route=\/wp\/v2\/posts\/17357","targetHints":{"allow":["GET"]}}],"collection":[{"href":"https:\/\/www.svzweckel.de\/index.php?rest_route=\/wp\/v2\/posts"}],"about":[{"href":"https:\/\/www.svzweckel.de\/index.php?rest_route=\/wp\/v2\/types\/post"}],"author":[{"embeddable":true,"href":"https:\/\/www.svzweckel.de\/index.php?rest_route=\/wp\/v2\/users\/3"}],"replies":[{"embeddable":true,"href":"https:\/\/www.svzweckel.de\/index.php?rest_route=%2Fwp%2Fv2%2Fcomments&post=17357"}],"version-history":[{"count":3,"href":"https:\/\/www.svzweckel.de\/index.php?rest_route=\/wp\/v2\/posts\/17357\/revisions"}],"predecessor-version":[{"id":17363,"href":"https:\/\/www.svzweckel.de\/index.php?rest_route=\/wp\/v2\/posts\/17357\/revisions\/17363"}],"wp:featuredmedia":[{"embeddable":true,"href":"https:\/\/www.svzweckel.de\/index.php?rest_route=\/wp\/v2\/media\/17358"}],"wp:attachment":[{"href":"https:\/\/www.svzweckel.de\/index.php?rest_route=%2Fwp%2Fv2%2Fmedia&parent=17357"}],"wp:term":[{"taxonomy":"category","embeddable":true,"href":"https:\/\/www.svzweckel.de\/index.php?rest_route=%2Fwp%2Fv2%2Fcategories&post=17357"},{"taxonomy":"post_tag","embeddable":true,"href":"https:\/\/www.svzweckel.de\/index.php?rest_route=%2Fwp%2Fv2%2Ftags&post=17357"}],"curies":[{"name":"wp","href":"https:\/\/api.w.org\/{rel}","templated":true}]}}