{"id":17364,"date":"2024-09-16T15:31:32","date_gmt":"2024-09-16T13:31:32","guid":{"rendered":"https:\/\/www.svzweckel.de\/?p=17364"},"modified":"2024-09-16T20:59:14","modified_gmt":"2024-09-16T18:59:14","slug":"sv-zweckel-vs-ssv-buer-07-28-herausforderung-fuer-den-sv-zweckel-und-bueraner-favoritenrolle","status":"publish","type":"post","link":"https:\/\/www.svzweckel.de\/?p=17364","title":{"rendered":"SV Zweckel vs. SSV Buer 07\/28 | Herausforderung f\u00fcr den SV Zweckel und Bueraner Favoritenrolle"},"content":{"rendered":"\n<p>Dienstag, 17.09.2024, 19:30 Uhr: SV Zweckel &#8211; SSV Buer 07\/28<\/p>\n\n\n\n<p>Nach der Er\u00f6ffnung der Uli Simon Arena steht ein weiteres Highlight f\u00fcr den SV Zweckel an. Am kommenden Dienstag treffen die Schwarz-Gr\u00fcnen in der 1. Runde des DFB-Pokals auf Kreisebene auf den gro\u00dfen Nachbarn aus Buer.<\/p>\n\n\n\n<p>Die Bueraner f\u00fchren derzeit die Tabelle der Landesliga Gruppe 3 an und haben am vergangenen Sonntag dem bis dahin ungeschlagenen FC Marl die erste Saisonniederlage beigebracht. <\/p>\n\n\n\n<p>Es ist mittlerweile 17 Jahre her, dass der Bueraner Trainer Misel Zec Mitglied der Zweckeler Aufstiegsmannschaft aus der Saison 06\/07 war, die damals mit Trainer Peter Seemann in die Bezirksliga aufgesteigen ist. Mit Hendrik Dier und Maurice H\u00f6vel hat die SSV Buer auch zwei Spieler im Kader, die von einigen Jahren auch f\u00fcr den SV Zweckel die Fu\u00dfballschuhe geschn\u00fcrt haben. <\/p>\n\n\n\n<p>Der SV Zweckel hat am letzten Sonntag nach gro\u00dfem Kampf Moral bewiesen und in einer Unterzahlsituation noch zwei Tore aufgeholt, so dass am Ende ein Remis im Stadtderby zu Buche schlug.<\/p>\n\n\n\n<p>Am Dienstag sind die klassenh\u00f6heren Bueraner hoch favorisiert und der SV Zweckel muss schon einen Sahnetag erwischen, um den Landesligisten schlagen zu k\u00f6nnen. M\u00f6glicherweise muss Trainer Marc Bahl noch Umstellungen in der Aufstellung vornehmen, denn Tristan Oben-Stintenberg musste im Spiel gegen Rentfort in der Halbzeit verletzungsbedingt ausgewechselt werden. <\/p>\n\n\n\n<p>Die Schwarz-Gr\u00fcnen m\u00fcssen am Dienstagabend beim ersten Flutlichtspiel in der Uli Simon Arena alles abrufen, um gegen Buer bestehen zu k\u00f6nnen. Sollte es dann nicht f\u00fcr ein Weiterkommen reichen, w\u00e4re das nicht dramatisch, zumal die junge Zweckeler Mannschaft noch viel lernen muss.<\/p>\n","protected":false},"excerpt":{"rendered":"<p>Dienstag, 17.09.2024, 19:30 Uhr: SV Zweckel &#8211; SSV Buer 07\/28 Nach der Er\u00f6ffnung der Uli Simon Arena steht ein weiteres Highlight f\u00fcr den SV Zweckel an. Am kommenden Dienstag treffen die Schwarz-Gr\u00fcnen in der 1. Runde des DFB-Pokals auf Kreisebene auf den gro\u00dfen Nachbarn aus Buer. Die Bueraner f\u00fchren derzeit die Tabelle der Landesliga Gruppe [&hellip;]<\/p>\n","protected":false},"author":3,"featured_media":17365,"comment_status":"open","ping_status":"closed","sticky":false,"template":"","format":"standard","meta":{"_jetpack_memberships_contains_paid_content":false,"footnotes":"","jetpack_publicize_message":"","jetpack_publicize_feature_enabled":true,"jetpack_social_post_already_shared":true,"jetpack_social_options":{"image_generator_settings":{"template":"highway","default_image_id":0,"font":"","enabled":false},"version":2}},"categories":[3],"tags":[],"class_list":["post-17364","post","type-post","status-publish","format-standard","has-post-thumbnail","hentry","category-allgemein"],"jetpack_publicize_connections":[],"jetpack_featured_media_url":"https:\/\/i0.wp.com\/www.svzweckel.de\/wp-content\/uploads\/DSC01809-Standard.jpg?fit=800%2C533&ssl=1","jetpack_sharing_enabled":true,"_links":{"self":[{"href":"https:\/\/www.svzweckel.de\/index.php?rest_route=\/wp\/v2\/posts\/17364","targetHints":{"allow":["GET"]}}],"collection":[{"href":"https:\/\/www.svzweckel.de\/index.php?rest_route=\/wp\/v2\/posts"}],"about":[{"href":"https:\/\/www.svzweckel.de\/index.php?rest_route=\/wp\/v2\/types\/post"}],"author":[{"embeddable":true,"href":"https:\/\/www.svzweckel.de\/index.php?rest_route=\/wp\/v2\/users\/3"}],"replies":[{"embeddable":true,"href":"https:\/\/www.svzweckel.de\/index.php?rest_route=%2Fwp%2Fv2%2Fcomments&post=17364"}],"version-history":[{"count":3,"href":"https:\/\/www.svzweckel.de\/index.php?rest_route=\/wp\/v2\/posts\/17364\/revisions"}],"predecessor-version":[{"id":17369,"href":"https:\/\/www.svzweckel.de\/index.php?rest_route=\/wp\/v2\/posts\/17364\/revisions\/17369"}],"wp:featuredmedia":[{"embeddable":true,"href":"https:\/\/www.svzweckel.de\/index.php?rest_route=\/wp\/v2\/media\/17365"}],"wp:attachment":[{"href":"https:\/\/www.svzweckel.de\/index.php?rest_route=%2Fwp%2Fv2%2Fmedia&parent=17364"}],"wp:term":[{"taxonomy":"category","embeddable":true,"href":"https:\/\/www.svzweckel.de\/index.php?rest_route=%2Fwp%2Fv2%2Fcategories&post=17364"},{"taxonomy":"post_tag","embeddable":true,"href":"https:\/\/www.svzweckel.de\/index.php?rest_route=%2Fwp%2Fv2%2Ftags&post=17364"}],"curies":[{"name":"wp","href":"https:\/\/api.w.org\/{rel}","templated":true}]}}