{"id":17370,"date":"2024-09-17T23:22:16","date_gmt":"2024-09-17T21:22:16","guid":{"rendered":"https:\/\/www.svzweckel.de\/?p=17370"},"modified":"2024-09-17T23:22:18","modified_gmt":"2024-09-17T21:22:18","slug":"junge-talente-des-sv-zweckel-zeigen-starke-leistung","status":"publish","type":"post","link":"https:\/\/www.svzweckel.de\/?p=17370","title":{"rendered":"Junge Talente des SV Zweckel zeigen starke Leistung"},"content":{"rendered":"\n<p>SV Zweckel &#8211; SSV Buer (0:0) 3:4 n. E.<\/p>\n\n\n\n<p>Trainer Marc Bahl hat im Spiel gegen den Spitzenreiter einer sehr jungen Mannschaft die Chance gegeben sich gegen einen klassenh\u00f6heren Konkurrenten zu beweisen. <\/p>\n\n\n\n<p>Mit f\u00fcnf Spielern, die in der letzten Saison noch f\u00fcr die A-Junioren spielberechtigt gewesen sind, ging es in die Partie gegen den Landesligisten. W\u00e4hrend der gesamten Partie war es ein Spiel auf Augenh\u00f6he mit wenigen Torchancen auf beiden Seiten. Beide Abwehrreihen standen sicher und die Torh\u00fcter hatten kaum etwas zu tun. <\/p>\n\n\n\n<p>Selbst in der zweiten Halbzeit konnten die Bueraner nur eine leichte optische \u00dcberlegenheit entwickeln, die jedoch auch keine wirkliche Gefahr f\u00fcr Keeper Dario Schierenberg aufkommen lie\u00df.<\/p>\n\n\n\n<p>So blieb es bis zum Spielende beim 0:0. Bis zum Ende vertraute Marc Bahl auf seine jungen Spieler und wurde dabei fast belohnt. Mit Gentrit Lubishanti, Matteo Guidone, Nazif Nawroz warf Marc Bahl weitere junge Spieler, die sich im ersten Seniorenjahr befinden, ins Spiel.<\/p>\n\n\n\n<p>Im anschlie\u00dfenden Elfmeterschie\u00dfen, eine Verl\u00e4ngerung ist nicht vorgesehen, hatten die G\u00e4ste das notwendige Qu\u00e4ntchen Gl\u00fcck, weil zwei Zweckeler Youngster am gegnerischen Keeper scheiterten. Die G\u00e4ste konnten nur einmal Dario Schierenberg nicht \u00fcberwinden. So reichte es am Ende knapp f\u00fcr die SSV Buer f\u00fcrs Weiterkommen in die zweite Runde.<\/p>\n\n\n\n<p>Die Zweckeler k\u00f6nnen stolz auf die gezeigte Leistung sein, denn sie waren nah dran am Landesligatabellenf\u00fchrer.<\/p>\n","protected":false},"excerpt":{"rendered":"<p>SV Zweckel &#8211; SSV Buer (0:0) 3:4 n. E. Trainer Marc Bahl hat im Spiel gegen den Spitzenreiter einer sehr jungen Mannschaft die Chance gegeben sich gegen einen klassenh\u00f6heren Konkurrenten zu beweisen. Mit f\u00fcnf Spielern, die in der letzten Saison noch f\u00fcr die A-Junioren spielberechtigt gewesen sind, ging es in die Partie gegen den Landesligisten. [&hellip;]<\/p>\n","protected":false},"author":3,"featured_media":17372,"comment_status":"open","ping_status":"closed","sticky":false,"template":"","format":"standard","meta":{"_jetpack_memberships_contains_paid_content":false,"footnotes":"","jetpack_publicize_message":"","jetpack_publicize_feature_enabled":true,"jetpack_social_post_already_shared":true,"jetpack_social_options":{"image_generator_settings":{"template":"highway","default_image_id":0,"font":"","enabled":false},"version":2}},"categories":[3],"tags":[],"class_list":["post-17370","post","type-post","status-publish","format-standard","has-post-thumbnail","hentry","category-allgemein"],"jetpack_publicize_connections":[],"jetpack_featured_media_url":"https:\/\/i0.wp.com\/www.svzweckel.de\/wp-content\/uploads\/wp-17266077584507151594784634055576.jpg?fit=2000%2C1125&ssl=1","jetpack_sharing_enabled":true,"_links":{"self":[{"href":"https:\/\/www.svzweckel.de\/index.php?rest_route=\/wp\/v2\/posts\/17370","targetHints":{"allow":["GET"]}}],"collection":[{"href":"https:\/\/www.svzweckel.de\/index.php?rest_route=\/wp\/v2\/posts"}],"about":[{"href":"https:\/\/www.svzweckel.de\/index.php?rest_route=\/wp\/v2\/types\/post"}],"author":[{"embeddable":true,"href":"https:\/\/www.svzweckel.de\/index.php?rest_route=\/wp\/v2\/users\/3"}],"replies":[{"embeddable":true,"href":"https:\/\/www.svzweckel.de\/index.php?rest_route=%2Fwp%2Fv2%2Fcomments&post=17370"}],"version-history":[{"count":3,"href":"https:\/\/www.svzweckel.de\/index.php?rest_route=\/wp\/v2\/posts\/17370\/revisions"}],"predecessor-version":[{"id":17376,"href":"https:\/\/www.svzweckel.de\/index.php?rest_route=\/wp\/v2\/posts\/17370\/revisions\/17376"}],"wp:featuredmedia":[{"embeddable":true,"href":"https:\/\/www.svzweckel.de\/index.php?rest_route=\/wp\/v2\/media\/17372"}],"wp:attachment":[{"href":"https:\/\/www.svzweckel.de\/index.php?rest_route=%2Fwp%2Fv2%2Fmedia&parent=17370"}],"wp:term":[{"taxonomy":"category","embeddable":true,"href":"https:\/\/www.svzweckel.de\/index.php?rest_route=%2Fwp%2Fv2%2Fcategories&post=17370"},{"taxonomy":"post_tag","embeddable":true,"href":"https:\/\/www.svzweckel.de\/index.php?rest_route=%2Fwp%2Fv2%2Ftags&post=17370"}],"curies":[{"name":"wp","href":"https:\/\/api.w.org\/{rel}","templated":true}]}}